{"id":41053,"date":"2025-02-13T13:10:50","date_gmt":"2025-02-13T13:10:50","guid":{"rendered":"https:\/\/radiojehona.com\/?p=41053"},"modified":"2025-02-13T13:10:50","modified_gmt":"2025-02-13T13:10:50","slug":"bdi-nis-reformen-gjitheperfshirese-te-partise-dhe-procesin-e-vetingut","status":"publish","type":"post","link":"https:\/\/radiojehona.mk\/?p=41053","title":{"rendered":"BDI nis reform\u00ebn gjith\u00ebp\u00ebrfshir\u00ebse t\u00eb partis\u00eb dhe procesin e vetingut"},"content":{"rendered":"\n<figure class=\"wp-block-image size-large\"><img fetchpriority=\"high\" decoding=\"async\" width=\"1024\" height=\"712\" src=\"https:\/\/radiojehona.com\/wp-content\/uploads\/2025\/02\/IMG_0736-1024x712.jpeg\" alt=\"\" class=\"wp-image-41054\" srcset=\"https:\/\/radiojehona.mk\/wp-content\/uploads\/2025\/02\/IMG_0736-1024x712.jpeg 1024w, https:\/\/radiojehona.mk\/wp-content\/uploads\/2025\/02\/IMG_0736-300x209.jpeg 300w, https:\/\/radiojehona.mk\/wp-content\/uploads\/2025\/02\/IMG_0736-768x534.jpeg 768w, https:\/\/radiojehona.mk\/wp-content\/uploads\/2025\/02\/IMG_0736.jpeg 1125w\" sizes=\"(max-width: 1024px) 100vw, 1024px\" \/><\/figure>\n\n\n\n<p>Bashkimi Demokratik p\u00ebr Integrim (BDI) njoftoi sot fillimin e nj\u00eb procesi t\u00eb gjithansh\u00ebm reformash dhe vetingu brenda partis\u00eb, t\u00eb udh\u00ebhequr nga kryetari i partis\u00eb Ali Ahmeti dhe kryesia e partis\u00eb. Kjo nism\u00eb n\u00ebnvizon p\u00ebrkushtimin e BDI-s\u00eb p\u00ebr qeverisje dhe integritet shembullor, duke vendosur nj\u00eb standard t\u00eb ri p\u00ebr partit\u00eb politike n\u00eb rajon.<\/p>\n\n\n\n<p>Si pjes\u00eb e strategjis\u00eb s\u00eb reform\u00ebs, BDI po zbaton mekanizma konkret\u00eb q\u00eb synojn\u00eb rritjen e transparenc\u00ebs dhe llogaridh\u00ebnies brenda radh\u00ebve t\u00eb saj. Deputet\u00ebt e BDI-s\u00eb i jan\u00eb n\u00ebnshtruar nj\u00eb vler\u00ebsimi t\u00eb rrezikut t\u00eb korrupsionit dhe kan\u00eb n\u00ebnshkruar Kodin e Praktik\u00ebs s\u00eb Mir\u00eb dhe Integritetit t\u00eb BDI-s\u00eb. Ky kod p\u00ebrputhet me Kodin e Praktik\u00ebs s\u00eb Mir\u00eb n\u00eb Fush\u00ebn e Partive Politike, t\u00eb miratuar nga Rezoluta e Komisionit t\u00eb Venecias dhe e Asambles\u00eb Parlamentare t\u00eb K\u00ebshillit t\u00eb Evrop\u00ebs (PACE).<\/p>\n\n\n\n<p>BDI \u00ebsht\u00eb e vendosur t\u00eb zgjeroj\u00eb k\u00ebt\u00eb proces t\u00eb vetingut p\u00ebrtej nivelit parlamentar, duke synuar t\u00eb gjith\u00eb zyrtar\u00ebt e nivelit t\u00eb lart\u00eb t\u00eb partis\u00eb, an\u00ebtar\u00ebt e Kryesis\u00eb s\u00eb BDI-s\u00eb dhe kryesin\u00eb lokale t\u00eb deg\u00ebs s\u00eb partis\u00eb. Ky plan strategjik veprimi synon jo vet\u00ebm t\u00eb p\u00ebrforcoj\u00eb q\u00ebndrimin e partis\u00eb kund\u00ebr korrupsionit, por edhe t\u00eb nxis\u00eb nj\u00eb kultur\u00eb integriteti brenda proceseve politike.<\/p>\n\n\n\n<p>Duke udh\u00ebhequr me k\u00ebto reforma, BDI krijon nj\u00eb precedent p\u00ebr t\u00eb ndjekur partit\u00eb e tjera politike. Kjo nism\u00eb ripohon p\u00ebrkushtimin e BDI-s\u00eb p\u00ebr sundimin e ligjit dhe tregon p\u00ebrkushtimin e partis\u00eb p\u00ebr t\u00eb trajtuar korrupsionin n\u00eb rr\u00ebnj\u00ebt e tij.<\/p>\n\n\n\n<p>\u201cBDI \u00ebsht\u00eb e p\u00ebrkushtuar n\u00eb nd\u00ebrtimin e integritetit t\u00eb jasht\u00ebzakonsh\u00ebm institucional dhe personal\u201d, tha Ali Ahmeti, kryetar i BDI-s\u00eb. \u201cQasja jon\u00eb \u00ebsht\u00eb gjith\u00ebp\u00ebrfshir\u00ebse dhe e mir\u00ebplanifikuar, duke u fokusuar tek individ\u00ebt me integritet t\u00eb fort\u00eb, t\u00eb cil\u00ebt do t\u00eb mbrojn\u00eb axhend\u00ebn kund\u00ebr korrupsionit dhe procesin e vetingut\u201d.<\/p>\n\n\n\n<p>N\u00ebp\u00ebrmjet veprimeve strategjike dhe angazhimit t\u00eb pal\u00ebkundur, BDI mbetet e p\u00ebrkushtuar n\u00eb vendosm\u00ebrin\u00eb e saj p\u00ebr t\u00eb udh\u00ebhequr me shembull me q\u00ebllimin p\u00ebrfundimtar p\u00ebr t\u00eb realizuar ndryshime dometh\u00ebn\u00ebse brenda partis\u00eb dhe, n\u00eb fund t\u00eb fundit, n\u00eb kuadrin komb\u00ebtar t\u00eb qeverisjes.<\/p>\n","protected":false},"excerpt":{"rendered":"<p>Bashkimi Demokratik p&euml;r Integrim (BDI) njoftoi sot fillimin e nj&euml; procesi t&euml; gjithansh&euml;m reformash dhe vetingu brenda partis&euml;, t&euml; udh&euml;hequr nga kryetari i partis&euml; Ali Ahmeti dhe kryesia e partis&euml;. Kjo nism&euml; n&euml;nvizon p&euml;rkushtimin e BDI-s&euml; p&euml;r qeverisje dhe integritet shembullor, duke vendosur nj&euml; standard t&euml; ri p&euml;r partit&euml; politike n&euml; rajon. Si pjes&euml; e [&hellip;]<\/p>\n","protected":false},"author":2,"featured_media":41054,"comment_status":"open","ping_status":"closed","sticky":false,"template":"","format":"standard","meta":{"_monsterinsights_skip_tracking":false,"_monsterinsights_sitenote_active":false,"_monsterinsights_sitenote_note":"","_monsterinsights_sitenote_category":0,"footnotes":""},"categories":[1],"tags":[],"class_list":["post-41053","post","type-post","status-publish","format-standard","has-post-thumbnail","hentry","category-vendi"],"_links":{"self":[{"href":"https:\/\/radiojehona.mk\/index.php?rest_route=\/wp\/v2\/posts\/41053","targetHints":{"allow":["GET"]}}],"collection":[{"href":"https:\/\/radiojehona.mk\/index.php?rest_route=\/wp\/v2\/posts"}],"about":[{"href":"https:\/\/radiojehona.mk\/index.php?rest_route=\/wp\/v2\/types\/post"}],"author":[{"embeddable":true,"href":"https:\/\/radiojehona.mk\/index.php?rest_route=\/wp\/v2\/users\/2"}],"replies":[{"embeddable":true,"href":"https:\/\/radiojehona.mk\/index.php?rest_route=%2Fwp%2Fv2%2Fcomments&post=41053"}],"version-history":[{"count":2,"href":"https:\/\/radiojehona.mk\/index.php?rest_route=\/wp\/v2\/posts\/41053\/revisions"}],"predecessor-version":[{"id":41056,"href":"https:\/\/radiojehona.mk\/index.php?rest_route=\/wp\/v2\/posts\/41053\/revisions\/41056"}],"wp:featuredmedia":[{"embeddable":true,"href":"https:\/\/radiojehona.mk\/index.php?rest_route=\/wp\/v2\/media\/41054"}],"wp:attachment":[{"href":"https:\/\/radiojehona.mk\/index.php?rest_route=%2Fwp%2Fv2%2Fmedia&parent=41053"}],"wp:term":[{"taxonomy":"category","embeddable":true,"href":"https:\/\/radiojehona.mk\/index.php?rest_route=%2Fwp%2Fv2%2Fcategories&post=41053"},{"taxonomy":"post_tag","embeddable":true,"href":"https:\/\/radiojehona.mk\/index.php?rest_route=%2Fwp%2Fv2%2Ftags&post=41053"}],"curies":[{"name":"wp","href":"https:\/\/api.w.org\/{rel}","templated":true}]}}