{"id":41049,"date":"2025-02-13T13:08:14","date_gmt":"2025-02-13T13:08:14","guid":{"rendered":"https:\/\/radiojehona.com\/?p=41049"},"modified":"2025-02-13T13:08:14","modified_gmt":"2025-02-13T13:08:14","slug":"janevska-nxenesit-e-shkollave-te-mesme-do-te-mesojne-sipas-planprogrameve-dhe-tekstet-te-reja-duke-filluar-nga-shtatori","status":"publish","type":"post","link":"https:\/\/radiojehona.mk\/?p=41049","title":{"rendered":"Janevska: Nx\u00ebn\u00ebsit e shkollave t\u00eb mesme do t\u00eb m\u00ebsojn\u00eb sipas planprogrameve dhe tekstet t\u00eb reja duke filluar nga shtatori"},"content":{"rendered":"\n<figure class=\"wp-block-image size-large\"><img fetchpriority=\"high\" decoding=\"async\" width=\"1024\" height=\"532\" src=\"https:\/\/radiojehona.com\/wp-content\/uploads\/2025\/02\/IMG_0735-1024x532.jpeg\" alt=\"\" class=\"wp-image-41050\" srcset=\"https:\/\/radiojehona.mk\/wp-content\/uploads\/2025\/02\/IMG_0735-1024x532.jpeg 1024w, https:\/\/radiojehona.mk\/wp-content\/uploads\/2025\/02\/IMG_0735-300x156.jpeg 300w, https:\/\/radiojehona.mk\/wp-content\/uploads\/2025\/02\/IMG_0735-768x399.jpeg 768w, https:\/\/radiojehona.mk\/wp-content\/uploads\/2025\/02\/IMG_0735.jpeg 1125w\" sizes=\"(max-width: 1024px) 100vw, 1024px\" \/><\/figure>\n\n\n\n<p>Debati publik p\u00ebr konceptin e arsimit t\u00eb mes\u00ebm \u00ebsht\u00eb ende n\u00eb vazhdim. \u00cbsht\u00eb mbyllur vet\u00ebm ai q\u00eb u zhvillua p\u00ebrmes teknologjis\u00eb s\u00eb informacionit dhe jan\u00eb planifikuar vizita dhe takime shtes\u00eb.<\/p>\n\n\n\n<p>Sipas ministres Vensa Janevska, ka disa propozime interesante, t\u00eb cilat kryesisht kan\u00eb t\u00eb b\u00ebjn\u00eb me rritjen e numrit t\u00eb or\u00ebve n\u00eb secil\u00ebn l\u00ebnd\u00eb dhe shtimin e l\u00ebnd\u00ebve shtes\u00eb.<\/p>\n\n\n\n<p>\u201cKur Byroja e Arsimit krijoi orarin e m\u00ebsimit, sipas k\u00ebrkesave t\u00eb komunitetit profesional, shoqatave, m\u00ebsuesve, rezultoi se nx\u00ebn\u00ebsit, \u00e7do vit, nga klasa e par\u00eb deri n\u00eb t\u00eb kat\u00ebrt\u00ebn, duhet t\u00eb jen\u00eb n\u00eb shkoll\u00eb t\u00eb pakt\u00ebn 10 deri n\u00eb 11 or\u00eb. Kjo nuk \u00ebsht\u00eb e mundur dhe m\u00eb vjen keq q\u00eb nuk do t\u00eb arrijm\u00eb ta arrijm\u00eb ashtu si\u00e7 e imagjinojm\u00eb individualisht. E gjith\u00eb kjo do t\u00eb duhet t\u00eb analizohet dhe t\u00eb kombinohet.<\/p>\n\n\n\n<p>Po, f\u00ebmij\u00ebt tan\u00eb duhet t\u00eb jen\u00eb m\u00eb gjat\u00eb n\u00eb shkoll\u00eb, k\u00ebt\u00eb e propozon qeveria si projekt, por ata nuk mund t\u00eb jen\u00eb n\u00eb shkoll\u00eb 11 or\u00eb n\u00eb dit\u00eb. Duhet t\u00eb ken\u00eb aktivitete t\u00eb tilla, t\u00eb ken\u00eb nj\u00eb shfaqje teatrore, nj\u00eb kor, art dhe muzik\u00eb, p\u00ebrmes s\u00eb cil\u00ebs m\u00ebsohet shum\u00eb\u201d, tha ministrja e Arsimit Vesna Janevska, gjat\u00eb vizit\u00ebs s\u00eb sotme n\u00eb Titan-Usje, ku u promovua laboratori i ri p\u00ebr nx\u00ebn\u00ebs.<\/p>\n\n\n\n<p>Janevska njoftoi se Ministria e Arsimit dhe Shkenc\u00ebs vazhdon t\u00eb punoj\u00eb p\u00ebr k\u00ebt\u00eb \u00e7\u00ebshtje dhe se nx\u00ebn\u00ebsit e shkollave t\u00eb mesme do t\u00eb ken\u00eb programe t\u00eb reja nga shtatori, si dhe tekste t\u00eb reja p\u00ebr gjimnazin, por Koncepti do t\u00eb ket\u00eb nj\u00eb vit q\u00eb t\u00eb finalizohet dhe t\u00eb jet\u00eb n\u00eb p\u00ebrputhje me programet e Bashkimit Evropian p\u00ebr gjimnazist\u00ebt tan\u00eb q\u00eb do t\u00eb vazhdojn\u00eb shkollimin k\u00ebtu, e disa prej tyre edhe jasht\u00eb vendit, p\u00ebr t\u2019u p\u00ebrgatitur n\u00eb nj\u00eb nivel t\u00eb p\u00ebrshtatsh\u00ebm p\u00ebr arsimim t\u00eb m\u00ebtutjesh\u00ebm.<\/p>\n","protected":false},"excerpt":{"rendered":"<p>Debati publik p&euml;r konceptin e arsimit t&euml; mes&euml;m &euml;sht&euml; ende n&euml; vazhdim. &Euml;sht&euml; mbyllur vet&euml;m ai q&euml; u zhvillua p&euml;rmes teknologjis&euml; s&euml; informacionit dhe jan&euml; planifikuar vizita dhe takime shtes&euml;. Sipas ministres Vensa Janevska, ka disa propozime interesante, t&euml; cilat kryesisht kan&euml; t&euml; b&euml;jn&euml; me rritjen e numrit t&euml; or&euml;ve n&euml; secil&euml;n l&euml;nd&euml; dhe shtimin [&hellip;]<\/p>\n","protected":false},"author":2,"featured_media":41050,"comment_status":"open","ping_status":"closed","sticky":false,"template":"","format":"standard","meta":{"_monsterinsights_skip_tracking":false,"_monsterinsights_sitenote_active":false,"_monsterinsights_sitenote_note":"","_monsterinsights_sitenote_category":0,"footnotes":""},"categories":[1],"tags":[],"class_list":["post-41049","post","type-post","status-publish","format-standard","has-post-thumbnail","hentry","category-vendi"],"_links":{"self":[{"href":"https:\/\/radiojehona.mk\/index.php?rest_route=\/wp\/v2\/posts\/41049","targetHints":{"allow":["GET"]}}],"collection":[{"href":"https:\/\/radiojehona.mk\/index.php?rest_route=\/wp\/v2\/posts"}],"about":[{"href":"https:\/\/radiojehona.mk\/index.php?rest_route=\/wp\/v2\/types\/post"}],"author":[{"embeddable":true,"href":"https:\/\/radiojehona.mk\/index.php?rest_route=\/wp\/v2\/users\/2"}],"replies":[{"embeddable":true,"href":"https:\/\/radiojehona.mk\/index.php?rest_route=%2Fwp%2Fv2%2Fcomments&post=41049"}],"version-history":[{"count":2,"href":"https:\/\/radiojehona.mk\/index.php?rest_route=\/wp\/v2\/posts\/41049\/revisions"}],"predecessor-version":[{"id":41052,"href":"https:\/\/radiojehona.mk\/index.php?rest_route=\/wp\/v2\/posts\/41049\/revisions\/41052"}],"wp:featuredmedia":[{"embeddable":true,"href":"https:\/\/radiojehona.mk\/index.php?rest_route=\/wp\/v2\/media\/41050"}],"wp:attachment":[{"href":"https:\/\/radiojehona.mk\/index.php?rest_route=%2Fwp%2Fv2%2Fmedia&parent=41049"}],"wp:term":[{"taxonomy":"category","embeddable":true,"href":"https:\/\/radiojehona.mk\/index.php?rest_route=%2Fwp%2Fv2%2Fcategories&post=41049"},{"taxonomy":"post_tag","embeddable":true,"href":"https:\/\/radiojehona.mk\/index.php?rest_route=%2Fwp%2Fv2%2Ftags&post=41049"}],"curies":[{"name":"wp","href":"https:\/\/api.w.org\/{rel}","templated":true}]}}