{"id":41045,"date":"2025-02-13T12:02:00","date_gmt":"2025-02-13T12:02:00","guid":{"rendered":"https:\/\/radiojehona.com\/?p=41045"},"modified":"2025-02-13T12:02:00","modified_gmt":"2025-02-13T12:02:00","slug":"mot-me-vranesira-te-ndryshueshme-me-reshje-lokale-ne-zonat-malore-me-bore","status":"publish","type":"post","link":"https:\/\/radiojehona.mk\/?p=41045","title":{"rendered":"Mot me vran\u00ebsira t\u00eb ndryshueshme me reshje lokale, n\u00eb zonat malore me bor\u00eb"},"content":{"rendered":"\n<figure class=\"wp-block-image size-large\"><img fetchpriority=\"high\" decoding=\"async\" width=\"1024\" height=\"692\" src=\"https:\/\/radiojehona.com\/wp-content\/uploads\/2025\/02\/IMG_0732-1024x692.jpeg\" alt=\"\" class=\"wp-image-41046\" srcset=\"https:\/\/radiojehona.mk\/wp-content\/uploads\/2025\/02\/IMG_0732-1024x692.jpeg 1024w, https:\/\/radiojehona.mk\/wp-content\/uploads\/2025\/02\/IMG_0732-300x203.jpeg 300w, https:\/\/radiojehona.mk\/wp-content\/uploads\/2025\/02\/IMG_0732-768x519.jpeg 768w, https:\/\/radiojehona.mk\/wp-content\/uploads\/2025\/02\/IMG_0732.jpeg 1125w\" sizes=\"(max-width: 1024px) 100vw, 1024px\" \/><\/figure>\n\n\n\n<p><strong>Moti sot n\u00eb vend do t\u00eb jet\u00eb me vran\u00ebsira t\u00eb ndryshueshme me reshje lokale bore n\u00eb zonat malore, nd\u00ebrsa n\u00eb vendet m\u00eb t\u00eb larta n\u00eb pjes\u00ebt per\u00ebndimore dhe veriore vende-vende me reshje shiu, t\u00eb cilat do t\u00eb kalojn\u00eb n\u00eb reshje bore. Do t\u00eb fryj\u00eb er\u00eb e leht\u00eb deri mesatare nga drejtimi juglindor, e cila do t\u00eb jet\u00eb m\u00eb e theksuar p\u00ebrgjat\u00eb Vardarit<\/strong><\/p>\n\n\n\n<p>Temperatura minimale do t\u00eb jet\u00eb n\u00eb interval nga -5 deri n\u00eb 2, nd\u00ebrsa maksimalja do t\u00eb arrij\u00eb nga 2 deri n\u00eb 8 grad\u00eb.<\/p>\n\n\n\n<p>N\u00eb Shkup m\u00ebngjesi i ftoht\u00eb, gja\u00ebt dit\u00ebs me veran\u00ebsira t vogla deri mesaare me periudha t\u00eb shkurtra me diell. Do t\u00eb fryej\u00eb er\u00eb e leht\u00eb deri mesatare nga drejtimi juglindor. Temperatura minimale do t\u00eb zbres\u00eb deri n\u00eb 0, nd\u00ebrsa ajo maksimale do t\u00eb arrij\u00eb n\u00eb 8 grad\u00eb.<\/p>\n\n\n\n<p>Gjat\u00eb nat\u00ebs dhe nes\u00ebr kryesisht n\u00eb zonat malore do t\u00eb ket\u00eb bor\u00eb t\u00eb dob\u00ebt t\u00eb koh\u00ebpaskohshme, nd\u00ebrsa n\u00eb vendet m\u00eb t\u00eb larta n\u00eb viset per\u00ebndimore reshje t\u00eb her\u00ebpashershme shiu q\u00eb mund t\u00eb ngrijn\u00eb n\u00eb tok\u00eb dhe t\u00eb kthehen n\u00eb bor\u00eb. M\u00eb pas do t\u00eb vazhdoj\u00eb mot i ndryshuesh\u00ebm me vran\u00ebsira, kryesisht n\u00eb zonat malore, me kushte p\u00ebr reshje t\u00eb dob\u00ebta t\u00eb koh\u00ebpaskohshme shiu, kurse n\u00eb zonat malore me kushte p\u00ebr reshje t\u00eb dob\u00ebta t\u00eb koh\u00ebpaskohshme bore. Era juglindore do t\u00eb forcohet t\u00eb premten.<\/p>\n","protected":false},"excerpt":{"rendered":"<p>Moti sot n&euml; vend do t&euml; jet&euml; me vran&euml;sira t&euml; ndryshueshme me reshje lokale bore n&euml; zonat malore, nd&euml;rsa n&euml; vendet m&euml; t&euml; larta n&euml; pjes&euml;t per&euml;ndimore dhe veriore vende-vende me reshje shiu, t&euml; cilat do t&euml; kalojn&euml; n&euml; reshje bore. Do t&euml; fryj&euml; er&euml; e leht&euml; deri mesatare nga drejtimi juglindor, e cila do [&hellip;]<\/p>\n","protected":false},"author":2,"featured_media":41046,"comment_status":"open","ping_status":"closed","sticky":false,"template":"","format":"standard","meta":{"_monsterinsights_skip_tracking":false,"_monsterinsights_sitenote_active":false,"_monsterinsights_sitenote_note":"","_monsterinsights_sitenote_category":0,"footnotes":""},"categories":[1],"tags":[],"class_list":["post-41045","post","type-post","status-publish","format-standard","has-post-thumbnail","hentry","category-vendi"],"_links":{"self":[{"href":"https:\/\/radiojehona.mk\/index.php?rest_route=\/wp\/v2\/posts\/41045","targetHints":{"allow":["GET"]}}],"collection":[{"href":"https:\/\/radiojehona.mk\/index.php?rest_route=\/wp\/v2\/posts"}],"about":[{"href":"https:\/\/radiojehona.mk\/index.php?rest_route=\/wp\/v2\/types\/post"}],"author":[{"embeddable":true,"href":"https:\/\/radiojehona.mk\/index.php?rest_route=\/wp\/v2\/users\/2"}],"replies":[{"embeddable":true,"href":"https:\/\/radiojehona.mk\/index.php?rest_route=%2Fwp%2Fv2%2Fcomments&post=41045"}],"version-history":[{"count":2,"href":"https:\/\/radiojehona.mk\/index.php?rest_route=\/wp\/v2\/posts\/41045\/revisions"}],"predecessor-version":[{"id":41048,"href":"https:\/\/radiojehona.mk\/index.php?rest_route=\/wp\/v2\/posts\/41045\/revisions\/41048"}],"wp:featuredmedia":[{"embeddable":true,"href":"https:\/\/radiojehona.mk\/index.php?rest_route=\/wp\/v2\/media\/41046"}],"wp:attachment":[{"href":"https:\/\/radiojehona.mk\/index.php?rest_route=%2Fwp%2Fv2%2Fmedia&parent=41045"}],"wp:term":[{"taxonomy":"category","embeddable":true,"href":"https:\/\/radiojehona.mk\/index.php?rest_route=%2Fwp%2Fv2%2Fcategories&post=41045"},{"taxonomy":"post_tag","embeddable":true,"href":"https:\/\/radiojehona.mk\/index.php?rest_route=%2Fwp%2Fv2%2Ftags&post=41045"}],"curies":[{"name":"wp","href":"https:\/\/api.w.org\/{rel}","templated":true}]}}