{"id":41038,"date":"2025-02-12T08:59:09","date_gmt":"2025-02-12T08:59:09","guid":{"rendered":"https:\/\/radiojehona.com\/?p=41038"},"modified":"2025-02-12T08:59:09","modified_gmt":"2025-02-12T08:59:09","slug":"italia-thote-se-deshiron-te-shohe-ballkanin-perendimor-ne-be-para-vitit-2030-por-kosova-dhe-serbia-kane-disa-obligime-shtese","status":"publish","type":"post","link":"https:\/\/radiojehona.mk\/?p=41038","title":{"rendered":"Italia thot\u00eb se d\u00ebshiron t\u00eb shoh\u00eb Ballkanin Per\u00ebndimor n\u00eb BE para vitit 2030, por Kosova dhe Serbia kan\u00eb disa obligime shtes\u00eb"},"content":{"rendered":"\n<figure class=\"wp-block-image size-large\"><img fetchpriority=\"high\" decoding=\"async\" width=\"1024\" height=\"598\" src=\"https:\/\/radiojehona.com\/wp-content\/uploads\/2025\/02\/IMG_0723-1024x598.jpeg\" alt=\"\" class=\"wp-image-41039\" srcset=\"https:\/\/radiojehona.mk\/wp-content\/uploads\/2025\/02\/IMG_0723-1024x598.jpeg 1024w, https:\/\/radiojehona.mk\/wp-content\/uploads\/2025\/02\/IMG_0723-300x175.jpeg 300w, https:\/\/radiojehona.mk\/wp-content\/uploads\/2025\/02\/IMG_0723-768x449.jpeg 768w, https:\/\/radiojehona.mk\/wp-content\/uploads\/2025\/02\/IMG_0723.jpeg 1125w\" sizes=\"(max-width: 1024px) 100vw, 1024px\" \/><figcaption class=\"wp-element-caption\">Screenshot<\/figcaption><\/figure>\n\n\n\n<p><strong>Italia d\u00ebshiron q\u00eb vendet e Ballkanit Per\u00ebndimor t\u00eb bashkohen me bllokun e Bashkimit Evropian para vitit 2030.<\/strong><\/p>\n\n\n\n<p>\u201cNe jemi pro pranimit t\u00eb t\u00eb gjitha vendeve para vitit 2030. Ndoshta Bosnje dhe Hercegovina ka nevoj\u00eb p\u00ebr m\u00eb shum\u00eb koh\u00eb, por t\u00eb tjerat \u2013 Serbia, Mali i Zi, Shqip\u00ebria, Maqedonia e Veriut \u2013 jan\u00eb vende q\u00eb kan\u00eb b\u00ebr\u00eb p\u00ebrparim dhe mendoj se viti 2029 \u00ebsht\u00eb koha e duhur\u201d, tha ministri i Jasht\u00ebm italian, Antonio Tajani, n\u00eb takimin ministror t\u00eb vendeve t\u00eb Ballkanit Per\u00ebndimor n\u00eb Rom\u00eb, sipas agjencis\u00eb shtet\u00ebrore t\u00eb lajmeve&nbsp;<a href=\"https:\/\/www.ansa.it\/nuova_europa\/en\/news\/countries\/kosovo\/2025\/02\/10\/in-favour-of-balkan-countries-to-join-eu-in-2029-tajani_46c5d165-6297-44f3-9715-6ddc154d3fbd.html\"><strong>ANSA<\/strong><\/a>.<\/p>\n\n\n\n<p>Sa i p\u00ebrket Kosov\u00ebs, ai tha se \u201ctani po punojm\u00eb p\u00ebr t\u2019i dh\u00ebn\u00eb fund nj\u00eb periudhe t\u00eb v\u00ebshtir\u00eb, gjat\u00eb s\u00eb cil\u00ebs t\u00eb gjith\u00eb duhet t\u00eb b\u00ebjn\u00eb nj\u00eb hap p\u00ebrpara. T\u00eb drejtat e pakicave duhet t\u00eb respektohen dhe shpresoj q\u00eb tensionet n\u00eb kufirin mes Kosov\u00ebs dhe Serbis\u00eb t\u00eb mos vazhdojn\u00eb\u201d, shkruan&nbsp;<a href=\"https:\/\/www.aa.com.tr\/en\/europe\/italy-says-it-wants-to-see-western-balkan-countries-in-eu-before-2030\/3477750\"><strong>aa<\/strong><\/a>.<\/p>\n\n\n\n<p><br>Shumica e vendeve an\u00ebtare t\u00eb OKB-s\u00eb, p\u00ebrfshir\u00eb SHBA-n\u00eb, Britanin\u00eb, Franc\u00ebn, Gjermanin\u00eb dhe Italin\u00eb, e kan\u00eb njohur Kosov\u00ebn si shtet t\u00eb pavarur q\u00eb nga shpallja e saj e pavar\u00ebsis\u00eb n\u00eb vitin 2008. Megjithat\u00eb, Serbia vazhdon ta konsideroj\u00eb at\u00eb si pjes\u00eb t\u00eb territorit t\u00eb saj.<\/p>\n\n\n\n<p>Duke marr\u00eb pjes\u00eb gjithashtu n\u00eb takim, shefja e politik\u00ebs s\u00eb jashtme t\u00eb BE-s\u00eb, Kaja Kallas, shkroi n\u00eb X \u201cBallkani Per\u00ebndimor \u00ebsht\u00eb pjes\u00eb e familjes evropiane. Siguria jon\u00eb \u00ebsht\u00eb e pandashme. Bashk\u00ebpunimi yn\u00eb \u00ebsht\u00eb thelb\u00ebsor\u201d.&nbsp;<strong>\/Telegrafi\/<\/strong><\/p>\n","protected":false},"excerpt":{"rendered":"<p>Italia d&euml;shiron q&euml; vendet e Ballkanit Per&euml;ndimor t&euml; bashkohen me bllokun e Bashkimit Evropian para vitit 2030. &ldquo;Ne jemi pro pranimit t&euml; t&euml; gjitha vendeve para vitit 2030. Ndoshta Bosnje dhe Hercegovina ka nevoj&euml; p&euml;r m&euml; shum&euml; koh&euml;, por t&euml; tjerat &ndash; Serbia, Mali i Zi, Shqip&euml;ria, Maqedonia e Veriut &ndash; jan&euml; vende q&euml; kan&euml; [&hellip;]<\/p>\n","protected":false},"author":2,"featured_media":41039,"comment_status":"open","ping_status":"closed","sticky":false,"template":"","format":"standard","meta":{"_monsterinsights_skip_tracking":false,"_monsterinsights_sitenote_active":false,"_monsterinsights_sitenote_note":"","_monsterinsights_sitenote_category":0,"footnotes":""},"categories":[569],"tags":[],"class_list":["post-41038","post","type-post","status-publish","format-standard","has-post-thumbnail","hentry","category-bota"],"_links":{"self":[{"href":"https:\/\/radiojehona.mk\/index.php?rest_route=\/wp\/v2\/posts\/41038","targetHints":{"allow":["GET"]}}],"collection":[{"href":"https:\/\/radiojehona.mk\/index.php?rest_route=\/wp\/v2\/posts"}],"about":[{"href":"https:\/\/radiojehona.mk\/index.php?rest_route=\/wp\/v2\/types\/post"}],"author":[{"embeddable":true,"href":"https:\/\/radiojehona.mk\/index.php?rest_route=\/wp\/v2\/users\/2"}],"replies":[{"embeddable":true,"href":"https:\/\/radiojehona.mk\/index.php?rest_route=%2Fwp%2Fv2%2Fcomments&post=41038"}],"version-history":[{"count":2,"href":"https:\/\/radiojehona.mk\/index.php?rest_route=\/wp\/v2\/posts\/41038\/revisions"}],"predecessor-version":[{"id":41041,"href":"https:\/\/radiojehona.mk\/index.php?rest_route=\/wp\/v2\/posts\/41038\/revisions\/41041"}],"wp:featuredmedia":[{"embeddable":true,"href":"https:\/\/radiojehona.mk\/index.php?rest_route=\/wp\/v2\/media\/41039"}],"wp:attachment":[{"href":"https:\/\/radiojehona.mk\/index.php?rest_route=%2Fwp%2Fv2%2Fmedia&parent=41038"}],"wp:term":[{"taxonomy":"category","embeddable":true,"href":"https:\/\/radiojehona.mk\/index.php?rest_route=%2Fwp%2Fv2%2Fcategories&post=41038"},{"taxonomy":"post_tag","embeddable":true,"href":"https:\/\/radiojehona.mk\/index.php?rest_route=%2Fwp%2Fv2%2Ftags&post=41038"}],"curies":[{"name":"wp","href":"https:\/\/api.w.org\/{rel}","templated":true}]}}