{"id":41032,"date":"2025-02-12T08:55:09","date_gmt":"2025-02-12T08:55:09","guid":{"rendered":"https:\/\/radiojehona.com\/?p=41032"},"modified":"2025-02-12T08:55:09","modified_gmt":"2025-02-12T08:55:09","slug":"janev-sasia-e-sekuestruar-e-kokaines-i-perket-bandes-se-droges-se-rade-trajkovski-shtekli","status":"publish","type":"post","link":"https:\/\/radiojehona.mk\/?p=41032","title":{"rendered":"Janev: Sasia e sekuestruar e kokain\u00ebs i p\u00ebrket band\u00ebs s\u00eb drog\u00ebs s\u00eb Rade Trajkovski-Shtekli"},"content":{"rendered":"\n<figure class=\"wp-block-image size-large\"><img fetchpriority=\"high\" decoding=\"async\" width=\"1024\" height=\"586\" src=\"https:\/\/radiojehona.com\/wp-content\/uploads\/2025\/02\/IMG_0722-1024x586.jpeg\" alt=\"\" class=\"wp-image-41033\" srcset=\"https:\/\/radiojehona.mk\/wp-content\/uploads\/2025\/02\/IMG_0722-1024x586.jpeg 1024w, https:\/\/radiojehona.mk\/wp-content\/uploads\/2025\/02\/IMG_0722-300x172.jpeg 300w, https:\/\/radiojehona.mk\/wp-content\/uploads\/2025\/02\/IMG_0722-768x440.jpeg 768w, https:\/\/radiojehona.mk\/wp-content\/uploads\/2025\/02\/IMG_0722.jpeg 1125w\" sizes=\"(max-width: 1024px) 100vw, 1024px\" \/><\/figure>\n\n\n\n<p>Drejtori i Byros\u00eb p\u00ebr Siguri Publike, Aleksandar Janev njofton se sasia e konfiskuar e kokain\u00ebs i p\u00ebrket grupit t\u00eb drog\u00ebs s\u00eb Rade Trajkovski-Shtekli.<\/p>\n\n\n\n<p><strong>\u201cMbi 4 kg kokain\u00eb u zbuluan dhe sekuestruan grupit Shtekli. K\u00ebmb\u00ebngulja dhe profesionalizmi jan\u00eb \u00e7el\u00ebsi i pun\u00ebs s\u00eb suksesshme hetimore. N\u00eb koordinim me Prokurorin Publik vazhduam me veprimet kund\u00ebr grupit kriminal t\u00eb Shteklit dhe gjat\u00eb veprimeve shtes\u00eb, m\u00eb pak se nj\u00eb muaj pas zb\u00ebrthimit t\u00eb grupit, t\u00eb nj\u00ebjt\u00ebs band\u00eb kriminale iu gjet dhe sekuestrua s\u00ebrish drog\u00eb. Ne vazhdojm\u00eb angazhimin ton\u00eb p\u00ebr t\u00eb luftuar trafikun e paligjsh\u00ebm t\u00eb drog\u00ebs.<\/strong><\/p>\n\n\n\n<p><strong>Nuk ka struktura t\u00eb pathyeshme kriminale \u2013 ne e konfirmojm\u00eb k\u00ebt\u00eb me \u00e7do sukses t\u00eb ri dhe e hedhim posht\u00eb mitin e pathyeshm\u00ebris\u00eb s\u00eb individ\u00ebve t\u00eb caktuar\u201d, ka shkruar Janev.<\/strong><\/p>\n\n\n\n<p>Prokuroria Publike paraprakisht njoftoi se p\u00ebr dy t\u00eb arrestuarit \u00ebsht\u00eb k\u00ebrkuar paraburgimi dhe arrest sht\u00ebpiak.<\/p>\n","protected":false},"excerpt":{"rendered":"<p>Drejtori i Byros&euml; p&euml;r Siguri Publike, Aleksandar Janev njofton se sasia e konfiskuar e kokain&euml;s i p&euml;rket grupit t&euml; drog&euml;s s&euml; Rade Trajkovski-Shtekli. &ldquo;Mbi 4 kg kokain&euml; u zbuluan dhe sekuestruan grupit Shtekli. K&euml;mb&euml;ngulja dhe profesionalizmi jan&euml; &ccedil;el&euml;si i pun&euml;s s&euml; suksesshme hetimore. N&euml; koordinim me Prokurorin Publik vazhduam me veprimet kund&euml;r grupit kriminal t&euml; [&hellip;]<\/p>\n","protected":false},"author":2,"featured_media":41033,"comment_status":"open","ping_status":"closed","sticky":false,"template":"","format":"standard","meta":{"_monsterinsights_skip_tracking":false,"_monsterinsights_sitenote_active":false,"_monsterinsights_sitenote_note":"","_monsterinsights_sitenote_category":0,"footnotes":""},"categories":[1],"tags":[],"class_list":["post-41032","post","type-post","status-publish","format-standard","has-post-thumbnail","hentry","category-vendi"],"_links":{"self":[{"href":"https:\/\/radiojehona.mk\/index.php?rest_route=\/wp\/v2\/posts\/41032","targetHints":{"allow":["GET"]}}],"collection":[{"href":"https:\/\/radiojehona.mk\/index.php?rest_route=\/wp\/v2\/posts"}],"about":[{"href":"https:\/\/radiojehona.mk\/index.php?rest_route=\/wp\/v2\/types\/post"}],"author":[{"embeddable":true,"href":"https:\/\/radiojehona.mk\/index.php?rest_route=\/wp\/v2\/users\/2"}],"replies":[{"embeddable":true,"href":"https:\/\/radiojehona.mk\/index.php?rest_route=%2Fwp%2Fv2%2Fcomments&post=41032"}],"version-history":[{"count":2,"href":"https:\/\/radiojehona.mk\/index.php?rest_route=\/wp\/v2\/posts\/41032\/revisions"}],"predecessor-version":[{"id":41035,"href":"https:\/\/radiojehona.mk\/index.php?rest_route=\/wp\/v2\/posts\/41032\/revisions\/41035"}],"wp:featuredmedia":[{"embeddable":true,"href":"https:\/\/radiojehona.mk\/index.php?rest_route=\/wp\/v2\/media\/41033"}],"wp:attachment":[{"href":"https:\/\/radiojehona.mk\/index.php?rest_route=%2Fwp%2Fv2%2Fmedia&parent=41032"}],"wp:term":[{"taxonomy":"category","embeddable":true,"href":"https:\/\/radiojehona.mk\/index.php?rest_route=%2Fwp%2Fv2%2Fcategories&post=41032"},{"taxonomy":"post_tag","embeddable":true,"href":"https:\/\/radiojehona.mk\/index.php?rest_route=%2Fwp%2Fv2%2Ftags&post=41032"}],"curies":[{"name":"wp","href":"https:\/\/api.w.org\/{rel}","templated":true}]}}