{"id":41028,"date":"2025-02-12T08:51:44","date_gmt":"2025-02-12T08:51:44","guid":{"rendered":"https:\/\/radiojehona.com\/?p=41028"},"modified":"2025-02-12T08:51:45","modified_gmt":"2025-02-12T08:51:45","slug":"mexhiti-ne-parim-jemi-marre-vesh-per-komunat-perkatese-te-zgjedhjeve-lokale","status":"publish","type":"post","link":"https:\/\/radiojehona.mk\/?p=41028","title":{"rendered":"Mexhiti: N\u00eb parim jemi marr\u00eb vesh p\u00ebr komunat p\u00ebrkat\u00ebse t\u00eb zgjedhjeve lokale"},"content":{"rendered":"\n<figure class=\"wp-block-image size-large\"><img fetchpriority=\"high\" decoding=\"async\" width=\"1024\" height=\"697\" src=\"https:\/\/radiojehona.com\/wp-content\/uploads\/2025\/02\/IMG_0721-1024x697.jpeg\" alt=\"\" class=\"wp-image-41029\" srcset=\"https:\/\/radiojehona.mk\/wp-content\/uploads\/2025\/02\/IMG_0721-1024x697.jpeg 1024w, https:\/\/radiojehona.mk\/wp-content\/uploads\/2025\/02\/IMG_0721-300x204.jpeg 300w, https:\/\/radiojehona.mk\/wp-content\/uploads\/2025\/02\/IMG_0721-768x523.jpeg 768w, https:\/\/radiojehona.mk\/wp-content\/uploads\/2025\/02\/IMG_0721.jpeg 1125w\" sizes=\"(max-width: 1024px) 100vw, 1024px\" \/><\/figure>\n\n\n\n<p>Z\u00ebvend\u00ebskryeministri i par\u00eb i Maqedonis\u00eb s\u00eb Veriut, Izet Mexhiti, ka b\u00ebr\u00eb t\u00eb ditur se brenda k\u00ebsaj jave pritet t\u00eb mbahet takimi i parafundit ose i fundit p\u00ebr harmonizimin e q\u00ebndrimeve mes VLEN-it, VMRO-DPMNE-s\u00eb dhe ZNAM-it lidhur me Ligjin p\u00ebr p\u00ebrfaq\u00ebsim t\u00eb drejt\u00eb dhe adekuat.<\/p>\n\n\n\n<p>\u201cN\u00eb parim, i kemi p\u00ebrafruar q\u00ebndrimet dhe besoj se deri n\u00eb fund t\u00eb jav\u00ebs s\u00eb ardhshme do t\u00eb dalim me zgjidhjen ligjore ose me Ligjin e posa\u00e7\u00ebm p\u00ebr p\u00ebrfaq\u00ebsimin adekuat dhe t\u00eb drejt\u00eb t\u00eb shqiptar\u00ebve, pasi deri m\u00eb tani ky ka qen\u00eb vet\u00ebm nj\u00eb mekaniz\u00ebm, por jo nj\u00eb zgjidhje e mir\u00ebfillt\u00eb ligjore,\u201d deklaroi Mexhiti n\u00eb nj\u00eb intervist\u00eb p\u00ebr Alsat M.<\/p>\n\n\n\n<p>Izet Mexhiti: N\u00eb parim jemi marr\u00eb vesh p\u00ebr komunat p\u00ebrkat\u00ebse t\u00eb zgjedhjeve lokale<\/p>\n\n\n\n<p>Z\u00ebvend\u00ebskryeministri i par\u00eb i Maqedonis\u00eb s\u00eb Veriut, Izet Mexhiti, ka deklaruar se koalicioni VLEN do t\u00eb marr\u00eb vendime t\u00eb mir\u00ebanalizuara p\u00ebr kandidat\u00ebt n\u00eb zgjedhjet lokale, duke respektuar parimin q\u00eb partit\u00eb<br>t\u00eb garojn\u00eb aty ku tashm\u00eb udh\u00ebheqin me komunat.<\/p>\n\n\n\n<p>\u201cParimisht, aty ku po udh\u00ebheqim p\u00ebr momentin me komunat, do t\u00eb vazhdojn\u00eb kandidat\u00ebt e partive p\u00ebrkat\u00ebse t\u00eb koalicionit VLEN, por ende nuk \u00ebsht\u00eb vendosur. Vendimet nuk i marrim duke u ngutur, por duke analizuar dhe debatuar p\u00ebr kandidat\u00ebt m\u00eb t\u00eb mir\u00eb,\u201d tha Mexhiti.<br>Ai sqaroi se n\u00eb Tetov\u00eb dhe Zhelin\u00eb pritet t\u00eb garoj\u00eb L\u00ebvizja BESA, n\u00eb Gostivar Aleanca p\u00ebr Shqiptar\u00ebt, nd\u00ebrsa n\u00eb \u00c7air L\u00ebvizja Demokratike. \u201cP\u00ebr komunat e tjera do t\u00eb shohim kush si q\u00ebndron, cil\u00ebt jan\u00eb<br>kandidat\u00ebt dhe idet\u00eb q\u00eb kan\u00eb, dhe n\u00eb baz\u00eb t\u00eb k\u00ebtyre kritereve do t\u00eb marrim vendimet p\u00ebrfundimtare,\u201d shtoi ai.<\/p>\n\n\n\n<p>Ky q\u00ebndrim konfirmon strategjin\u00eb e VLEN-it p\u00ebr nj\u00eb qasje t\u00eb matur dhe t\u00eb koordinuar n\u00eb zgjedhjet lokale,<br>duke synuar p\u00ebrfaq\u00ebsim sa m\u00eb t\u00eb mir\u00eb t\u00eb qytetar\u00ebve.<\/p>\n\n\n\n<p>Izet Mexhiti: Jemi n\u00eb faz\u00ebn finale t\u00eb harmonizimit t\u00eb Ligjit p\u00ebr p\u00ebrfaq\u00ebsim t\u00eb drejt\u00eb dhe adekuat<\/p>\n\n\n\n<p>Z\u00ebvend\u00ebskryeministri i par\u00eb i Maqedonis\u00eb s\u00eb Veriut, Izet Mexhiti, ka b\u00ebr\u00eb t\u00eb ditur se brenda k\u00ebsaj jave<br>pritet t\u00eb mbahet takimi i parafundit ose i fundit p\u00ebr harmonizimin e q\u00ebndrimeve mes VLEN-it, VMRO-<br>DPMNE-s\u00eb dhe ZNAM-it lidhur me Ligjin p\u00ebr p\u00ebrfaq\u00ebsim t\u00eb drejt\u00eb dhe adekuat.<br>\u201cN\u00eb parim, i kemi p\u00ebrafruar q\u00ebndrimet dhe besoj se deri n\u00eb fund t\u00eb jav\u00ebs s\u00eb ardhshme do t\u00eb dalim me<br>zgjidhjen ligjore ose me Ligjin e posa\u00e7\u00ebm p\u00ebr p\u00ebrfaq\u00ebsimin adekuat dhe t\u00eb drejt\u00eb t\u00eb shqiptar\u00ebve, pasi<br>deri m\u00eb tani ky ka qen\u00eb vet\u00ebm nj\u00eb mekaniz\u00ebm, por jo nj\u00eb zgjidhje e mir\u00ebfillt\u00eb ligjore,\u201d deklaroi Mexhiti.<br>Ky proces vjen n\u00eb kuad\u00ebr t\u00eb p\u00ebrpjekjeve p\u00ebr t\u00eb garantuar p\u00ebrfaq\u00ebsim m\u00eb t\u00eb drejt\u00eb t\u00eb shqiptar\u00ebve dhe<br>komuniteteve tjera n\u00eb institucionet shtet\u00ebrore, duke kaluar nga zbatimi mekanik n\u00eb nj\u00eb baz\u00eb t\u00eb fort\u00eb<br>ligjore<\/p>\n","protected":false},"excerpt":{"rendered":"<p>Z&euml;vend&euml;skryeministri i par&euml; i Maqedonis&euml; s&euml; Veriut, Izet Mexhiti, ka b&euml;r&euml; t&euml; ditur se brenda k&euml;saj jave pritet t&euml; mbahet takimi i parafundit ose i fundit p&euml;r harmonizimin e q&euml;ndrimeve mes VLEN-it, VMRO-DPMNE-s&euml; dhe ZNAM-it lidhur me Ligjin p&euml;r p&euml;rfaq&euml;sim t&euml; drejt&euml; dhe adekuat. &ldquo;N&euml; parim, i kemi p&euml;rafruar q&euml;ndrimet dhe besoj se deri n&euml; [&hellip;]<\/p>\n","protected":false},"author":2,"featured_media":41029,"comment_status":"open","ping_status":"closed","sticky":false,"template":"","format":"standard","meta":{"_monsterinsights_skip_tracking":false,"_monsterinsights_sitenote_active":false,"_monsterinsights_sitenote_note":"","_monsterinsights_sitenote_category":0,"footnotes":""},"categories":[1],"tags":[],"class_list":["post-41028","post","type-post","status-publish","format-standard","has-post-thumbnail","hentry","category-vendi"],"_links":{"self":[{"href":"https:\/\/radiojehona.mk\/index.php?rest_route=\/wp\/v2\/posts\/41028","targetHints":{"allow":["GET"]}}],"collection":[{"href":"https:\/\/radiojehona.mk\/index.php?rest_route=\/wp\/v2\/posts"}],"about":[{"href":"https:\/\/radiojehona.mk\/index.php?rest_route=\/wp\/v2\/types\/post"}],"author":[{"embeddable":true,"href":"https:\/\/radiojehona.mk\/index.php?rest_route=\/wp\/v2\/users\/2"}],"replies":[{"embeddable":true,"href":"https:\/\/radiojehona.mk\/index.php?rest_route=%2Fwp%2Fv2%2Fcomments&post=41028"}],"version-history":[{"count":2,"href":"https:\/\/radiojehona.mk\/index.php?rest_route=\/wp\/v2\/posts\/41028\/revisions"}],"predecessor-version":[{"id":41031,"href":"https:\/\/radiojehona.mk\/index.php?rest_route=\/wp\/v2\/posts\/41028\/revisions\/41031"}],"wp:featuredmedia":[{"embeddable":true,"href":"https:\/\/radiojehona.mk\/index.php?rest_route=\/wp\/v2\/media\/41029"}],"wp:attachment":[{"href":"https:\/\/radiojehona.mk\/index.php?rest_route=%2Fwp%2Fv2%2Fmedia&parent=41028"}],"wp:term":[{"taxonomy":"category","embeddable":true,"href":"https:\/\/radiojehona.mk\/index.php?rest_route=%2Fwp%2Fv2%2Fcategories&post=41028"},{"taxonomy":"post_tag","embeddable":true,"href":"https:\/\/radiojehona.mk\/index.php?rest_route=%2Fwp%2Fv2%2Ftags&post=41028"}],"curies":[{"name":"wp","href":"https:\/\/api.w.org\/{rel}","templated":true}]}}