{"id":41024,"date":"2025-02-12T08:49:46","date_gmt":"2025-02-12T08:49:46","guid":{"rendered":"https:\/\/radiojehona.com\/?p=41024"},"modified":"2025-02-12T08:49:47","modified_gmt":"2025-02-12T08:49:47","slug":"ndryshimet-ne-kodin-penal-te-vitit-2023-ne-seance-te-gjykates-kushtetuese-ne-rmv","status":"publish","type":"post","link":"https:\/\/radiojehona.mk\/?p=41024","title":{"rendered":"Ndryshimet n\u00eb Kodin Penal t\u00eb vitit 2023 n\u00eb seanc\u00eb t\u00eb Gjykat\u00ebs Kushtetuese n\u00eb RMV"},"content":{"rendered":"\n<figure class=\"wp-block-image size-large\"><img fetchpriority=\"high\" decoding=\"async\" width=\"1024\" height=\"586\" src=\"https:\/\/radiojehona.com\/wp-content\/uploads\/2025\/02\/IMG_0720-1024x586.jpeg\" alt=\"\" class=\"wp-image-41025\" srcset=\"https:\/\/radiojehona.mk\/wp-content\/uploads\/2025\/02\/IMG_0720-1024x586.jpeg 1024w, https:\/\/radiojehona.mk\/wp-content\/uploads\/2025\/02\/IMG_0720-300x172.jpeg 300w, https:\/\/radiojehona.mk\/wp-content\/uploads\/2025\/02\/IMG_0720-768x440.jpeg 768w, https:\/\/radiojehona.mk\/wp-content\/uploads\/2025\/02\/IMG_0720.jpeg 1125w\" sizes=\"(max-width: 1024px) 100vw, 1024px\" \/><\/figure>\n\n\n\n<p>Gjykata Kushtetuese sot do t\u00eb mbaj\u00eb seanc\u00eb p\u00ebr t\u00eb diskutuar p\u00ebr ndryshimin e Kodit Penal t\u00eb vitit 2023, pas iniciativ\u00ebs s\u00eb kryetarit t\u00eb Lidhjes Demokratike, Pavle Trajanov.<\/p>\n\n\n\n<p>N\u00eb iniciativ\u00eb, Trajanov thekson se ndryshimet e kontestuara ligjore jan\u00eb n\u00eb kund\u00ebrshtim me sundimin e ligjit, mbrojtjen e t\u00eb drejtave pron\u00ebsore dhe barazin\u00eb e promovuar me Kushtetut\u00eb. N\u00eb nism\u00eb thuhet se me k\u00ebto ndryshime privilegjohet nj\u00eb kategori e qytetar\u00ebve, p\u00ebr dallim nga personat e d\u00ebnuar ligj\u00ebrisht q\u00eb marrin nj\u00eb trajtim diskriminues dhe p\u00ebr ta nuk vlen ulja e d\u00ebnimeve.<\/p>\n\n\n\n<p>Sipas Trajanov, seanca n\u00eb Gjykat\u00ebn Kushtetuese \u00ebsht\u00eb e vonuar, sepse iniciativa \u00ebsht\u00eb dor\u00ebzuar n\u00eb shtator t\u00eb vitit 2023, kur dhe jan\u00eb miratuar ndryshimet n\u00eb Kodin Penal n\u00eb procedur\u00eb t\u00eb shkurtuar dhe me flamur evropian.<\/p>\n","protected":false},"excerpt":{"rendered":"<p>Gjykata Kushtetuese sot do t&euml; mbaj&euml; seanc&euml; p&euml;r t&euml; diskutuar p&euml;r ndryshimin e Kodit Penal t&euml; vitit 2023, pas iniciativ&euml;s s&euml; kryetarit t&euml; Lidhjes Demokratike, Pavle Trajanov. N&euml; iniciativ&euml;, Trajanov thekson se ndryshimet e kontestuara ligjore jan&euml; n&euml; kund&euml;rshtim me sundimin e ligjit, mbrojtjen e t&euml; drejtave pron&euml;sore dhe barazin&euml; e promovuar me Kushtetut&euml;. N&euml; [&hellip;]<\/p>\n","protected":false},"author":2,"featured_media":41025,"comment_status":"open","ping_status":"closed","sticky":false,"template":"","format":"standard","meta":{"_monsterinsights_skip_tracking":false,"_monsterinsights_sitenote_active":false,"_monsterinsights_sitenote_note":"","_monsterinsights_sitenote_category":0,"footnotes":""},"categories":[1],"tags":[],"class_list":["post-41024","post","type-post","status-publish","format-standard","has-post-thumbnail","hentry","category-vendi"],"_links":{"self":[{"href":"https:\/\/radiojehona.mk\/index.php?rest_route=\/wp\/v2\/posts\/41024","targetHints":{"allow":["GET"]}}],"collection":[{"href":"https:\/\/radiojehona.mk\/index.php?rest_route=\/wp\/v2\/posts"}],"about":[{"href":"https:\/\/radiojehona.mk\/index.php?rest_route=\/wp\/v2\/types\/post"}],"author":[{"embeddable":true,"href":"https:\/\/radiojehona.mk\/index.php?rest_route=\/wp\/v2\/users\/2"}],"replies":[{"embeddable":true,"href":"https:\/\/radiojehona.mk\/index.php?rest_route=%2Fwp%2Fv2%2Fcomments&post=41024"}],"version-history":[{"count":2,"href":"https:\/\/radiojehona.mk\/index.php?rest_route=\/wp\/v2\/posts\/41024\/revisions"}],"predecessor-version":[{"id":41027,"href":"https:\/\/radiojehona.mk\/index.php?rest_route=\/wp\/v2\/posts\/41024\/revisions\/41027"}],"wp:featuredmedia":[{"embeddable":true,"href":"https:\/\/radiojehona.mk\/index.php?rest_route=\/wp\/v2\/media\/41025"}],"wp:attachment":[{"href":"https:\/\/radiojehona.mk\/index.php?rest_route=%2Fwp%2Fv2%2Fmedia&parent=41024"}],"wp:term":[{"taxonomy":"category","embeddable":true,"href":"https:\/\/radiojehona.mk\/index.php?rest_route=%2Fwp%2Fv2%2Fcategories&post=41024"},{"taxonomy":"post_tag","embeddable":true,"href":"https:\/\/radiojehona.mk\/index.php?rest_route=%2Fwp%2Fv2%2Ftags&post=41024"}],"curies":[{"name":"wp","href":"https:\/\/api.w.org\/{rel}","templated":true}]}}