{"id":41020,"date":"2025-02-12T08:45:16","date_gmt":"2025-02-12T08:45:16","guid":{"rendered":"https:\/\/radiojehona.com\/?p=41020"},"modified":"2025-02-12T08:45:16","modified_gmt":"2025-02-12T08:45:16","slug":"lamm-ne-vendkalimet-kufitare-nuk-pritje-te-gjata-per-hyrje-dhe-dalje-nga-vendi","status":"publish","type":"post","link":"https:\/\/radiojehona.mk\/?p=41020","title":{"rendered":"LAMM: N\u00eb vendkalimet kufitare nuk pritje t\u00eb gjata p\u00ebr hyrje dhe dalje nga vendi"},"content":{"rendered":"\n<figure class=\"wp-block-image size-large\"><img fetchpriority=\"high\" decoding=\"async\" width=\"1024\" height=\"581\" src=\"https:\/\/radiojehona.com\/wp-content\/uploads\/2025\/02\/IMG_0719-1024x581.jpeg\" alt=\"\" class=\"wp-image-41021\" srcset=\"https:\/\/radiojehona.mk\/wp-content\/uploads\/2025\/02\/IMG_0719-1024x581.jpeg 1024w, https:\/\/radiojehona.mk\/wp-content\/uploads\/2025\/02\/IMG_0719-300x170.jpeg 300w, https:\/\/radiojehona.mk\/wp-content\/uploads\/2025\/02\/IMG_0719-768x436.jpeg 768w, https:\/\/radiojehona.mk\/wp-content\/uploads\/2025\/02\/IMG_0719.jpeg 1125w\" sizes=\"(max-width: 1024px) 100vw, 1024px\" \/><\/figure>\n\n\n\n<p>Lidhja Auto-Moto e Maqedonis\u00eb njofton se komunikacioni n\u00eb vend po zhvillohet n\u00eb kushte dim\u00ebrore dhe n\u00eb rrug\u00eb t\u00eb thata.<\/p>\n\n\n\n<p>Komunikacioni jasht\u00eb mjediseve urbane po zhvillohet me intensitet t\u00eb moderuara. N\u00eb vendkalimet kufitare nuk ka pritje t\u00eb gjata p\u00ebr hyrje dhe dalje nga vendi.<\/p>\n\n\n\n<p>Nga atje u b\u00ebjn\u00eb thirrje shofer\u00ebve q\u00eb t\u00eb ken\u00eb kujdes me shpejt\u00ebsin\u00eb e automjeteve, ve\u00e7an\u00ebrisht n\u00ebp\u00ebr luginat e vendit ku mund t\u00eb ket\u00eb rr\u00ebshqitje t\u00eb dheut.<\/p>\n\n\n\n<p>Nga LAMM njoftojn\u00eb se rruga Oh\u00ebr-Resnje, n\u00ebp\u00ebrmjet Parkut Komb\u00ebtar Gali\u00e7ica nga 15.11.2024 \u00ebsht\u00eb i mbyllur p\u00ebr t\u00eb gjith\u00eb llojet e komunikacionit<\/p>\n","protected":false},"excerpt":{"rendered":"<p>Lidhja Auto-Moto e Maqedonis&euml; njofton se komunikacioni n&euml; vend po zhvillohet n&euml; kushte dim&euml;rore dhe n&euml; rrug&euml; t&euml; thata. Komunikacioni jasht&euml; mjediseve urbane po zhvillohet me intensitet t&euml; moderuara. N&euml; vendkalimet kufitare nuk ka pritje t&euml; gjata p&euml;r hyrje dhe dalje nga vendi. Nga atje u b&euml;jn&euml; thirrje shofer&euml;ve q&euml; t&euml; ken&euml; kujdes me shpejt&euml;sin&euml; [&hellip;]<\/p>\n","protected":false},"author":2,"featured_media":41021,"comment_status":"open","ping_status":"closed","sticky":false,"template":"","format":"standard","meta":{"_monsterinsights_skip_tracking":false,"_monsterinsights_sitenote_active":false,"_monsterinsights_sitenote_note":"","_monsterinsights_sitenote_category":0,"footnotes":""},"categories":[1],"tags":[],"class_list":["post-41020","post","type-post","status-publish","format-standard","has-post-thumbnail","hentry","category-vendi"],"_links":{"self":[{"href":"https:\/\/radiojehona.mk\/index.php?rest_route=\/wp\/v2\/posts\/41020","targetHints":{"allow":["GET"]}}],"collection":[{"href":"https:\/\/radiojehona.mk\/index.php?rest_route=\/wp\/v2\/posts"}],"about":[{"href":"https:\/\/radiojehona.mk\/index.php?rest_route=\/wp\/v2\/types\/post"}],"author":[{"embeddable":true,"href":"https:\/\/radiojehona.mk\/index.php?rest_route=\/wp\/v2\/users\/2"}],"replies":[{"embeddable":true,"href":"https:\/\/radiojehona.mk\/index.php?rest_route=%2Fwp%2Fv2%2Fcomments&post=41020"}],"version-history":[{"count":2,"href":"https:\/\/radiojehona.mk\/index.php?rest_route=\/wp\/v2\/posts\/41020\/revisions"}],"predecessor-version":[{"id":41023,"href":"https:\/\/radiojehona.mk\/index.php?rest_route=\/wp\/v2\/posts\/41020\/revisions\/41023"}],"wp:featuredmedia":[{"embeddable":true,"href":"https:\/\/radiojehona.mk\/index.php?rest_route=\/wp\/v2\/media\/41021"}],"wp:attachment":[{"href":"https:\/\/radiojehona.mk\/index.php?rest_route=%2Fwp%2Fv2%2Fmedia&parent=41020"}],"wp:term":[{"taxonomy":"category","embeddable":true,"href":"https:\/\/radiojehona.mk\/index.php?rest_route=%2Fwp%2Fv2%2Fcategories&post=41020"},{"taxonomy":"post_tag","embeddable":true,"href":"https:\/\/radiojehona.mk\/index.php?rest_route=%2Fwp%2Fv2%2Ftags&post=41020"}],"curies":[{"name":"wp","href":"https:\/\/api.w.org\/{rel}","templated":true}]}}