{"id":41016,"date":"2025-02-12T08:41:34","date_gmt":"2025-02-12T08:41:34","guid":{"rendered":"https:\/\/radiojehona.com\/?p=41016"},"modified":"2025-02-12T08:41:35","modified_gmt":"2025-02-12T08:41:35","slug":"si-ka-votuar-diaspora-nder-vite","status":"publish","type":"post","link":"https:\/\/radiojehona.mk\/?p=41016","title":{"rendered":"Si ka votuar diaspora nd\u00ebr vite?"},"content":{"rendered":"\n<figure class=\"wp-block-image size-large\"><img fetchpriority=\"high\" decoding=\"async\" width=\"1024\" height=\"606\" src=\"https:\/\/radiojehona.com\/wp-content\/uploads\/2025\/02\/IMG_0718-1024x606.jpeg\" alt=\"\" class=\"wp-image-41017\" srcset=\"https:\/\/radiojehona.mk\/wp-content\/uploads\/2025\/02\/IMG_0718-1024x606.jpeg 1024w, https:\/\/radiojehona.mk\/wp-content\/uploads\/2025\/02\/IMG_0718-300x178.jpeg 300w, https:\/\/radiojehona.mk\/wp-content\/uploads\/2025\/02\/IMG_0718-768x455.jpeg 768w, https:\/\/radiojehona.mk\/wp-content\/uploads\/2025\/02\/IMG_0718.jpeg 1125w\" sizes=\"(max-width: 1024px) 100vw, 1024px\" \/><\/figure>\n\n\n\n<p>Vet\u00ebvendosja i fitoi shumic\u00ebn e votave n\u00eb t\u00eb gjitha komunat, p\u00ebrve\u00e7 n\u00eb Sk\u00ebnderaj. Ajo shpreson ta p\u00ebrs\u00ebris\u00eb k\u00ebt\u00eb sukses, n\u00eb m\u00ebnyr\u00eb q\u00eb t\u00eb siguroj\u00eb m\u00eb shum\u00eb se 47 ul\u00ebse n\u00eb Kuvend, sa ka aktualisht.<\/p>\n\n\n\n<p>N\u00eb zgjedhjet parlamentare t\u00eb 2021-shit, L\u00ebvizja Vet\u00ebvendosje fitoi mbi 80 p\u00ebr qind t\u00eb votave me post\u00eb, pra nga diaspora. At\u00eb vit, rreth 53 mij\u00eb persona votuan me post\u00eb.<\/p>\n\n\n\n<p>N\u00eb zgjedhjet e 9 shkurtit, 2025, diaspora kishte edhe opsionin e vot\u00ebs n\u00eb konsullata dhe ambasada. Kjo rezultoi me pjes\u00ebmarrje m\u00eb t\u00eb madhe sesa n\u00eb zgjedhjet paraprake.<\/p>\n\n\n\n<p>Z\u00ebdh\u00ebn\u00ebsi i KQZ-s\u00eb, Valmir Elezi, ka th\u00ebn\u00eb t\u00eb mart\u00ebn se n\u00eb p\u00ebrfaq\u00ebsit\u00eb diplomatike kan\u00eb votuar 15.352 qytetar\u00eb, nd\u00ebrsa me post\u00eb 68.712.<\/p>\n\n\n\n<p>Megjithat\u00eb, ai ka t\u00ebrhequr v\u00ebrejtjen q\u00eb kjo p\u00ebrqindje mund t\u00eb ndryshoj\u00eb, pas procesit t\u00eb vler\u00ebsimit t\u00eb votave q\u00eb jan\u00eb pranuar me post\u00eb.<\/p>\n\n\n\n<p>Mbi 2 milion\u00eb shtetas t\u00eb Kosov\u00ebs kan\u00eb pasur t\u00eb drejt\u00eb t\u00eb votojn\u00eb n\u00eb zgjedhjet parlamentare t\u00eb k\u00ebtij viti. N\u00eb mesin e tyre kan\u00eb qen\u00eb edhe 104.924 votues nga diaspora.<\/p>\n\n\n\n<p>Ky ka qen\u00eb procesi i par\u00eb zgjedhor kur pjes\u00ebtar\u00ebve t\u00eb diaspor\u00ebs u \u00ebsht\u00eb mund\u00ebsuar votimi n\u00eb 19 p\u00ebrfaq\u00ebsi diplomatike n\u00eb gjith\u00eb bot\u00ebn.<\/p>\n\n\n\n<p>Elezi ka th\u00ebn\u00eb se num\u00ebrimi i votave nga diaspora do t\u00eb nis\u00eb t\u00eb b\u00ebhet pas disa dit\u00ebsh n\u00eb Qendr\u00ebn e Num\u00ebrimit dhe t\u00eb Rezultateve.<\/p>\n\n\n\n<p>Sipas rezultateve preliminare, pas num\u00ebrimit t\u00eb mbi 90 p\u00ebr qind t\u00eb votave, partia n\u00eb pushtet, L\u00ebvizja Vet\u00ebvendosje ka fituar mbi 40 p\u00ebr t\u00eb votave, e p\u00ebrcjell\u00eb nga Partia Demokratike e Kosov\u00ebs me rreth 22 p\u00ebr qind t\u00eb votave, Lidhja Demokratike e Kosov\u00ebs me rreth 17 p\u00ebr qind t\u00eb votave, dhe koalicioni mes Aleanc\u00ebs p\u00ebr Ardhm\u00ebrin\u00eb e Kosov\u00ebs dhe Nism\u00ebs Socialdemokrate, rreth 7 p\u00ebr qind t\u00eb votave.<\/p>\n\n\n\n<p>Nj\u00eb partie i duhen 61 vota t\u00eb deputet\u00ebve n\u00eb Kuvend p\u00ebr t\u00eb formuar Qeverin\u00eb e re.<\/p>\n\n\n\n<p>Aktualisht asnj\u00ebra parti nuk i ka ato. Partit\u00eb q\u00eb aktualisht jan\u00eb n\u00eb opozit\u00eb kan\u00eb p\u00ebrjashtuar mund\u00ebsin\u00eb e ndonj\u00eb koalicioni me L\u00ebvizjen Vet\u00ebvendosje p\u00ebr t\u00eb formuar qeverin\u00eb.<\/p>\n\n\n\n<p>Analist\u00ebt vler\u00ebsojn\u00eb se n\u00eb dit\u00ebt, jav\u00ebt ose edhe muajt n\u00eb vijim, Kosov\u00ebn e presin turbulenca politike.<\/p>\n","protected":false},"excerpt":{"rendered":"<p>Vet&euml;vendosja i fitoi shumic&euml;n e votave n&euml; t&euml; gjitha komunat, p&euml;rve&ccedil; n&euml; Sk&euml;nderaj. Ajo shpreson ta p&euml;rs&euml;ris&euml; k&euml;t&euml; sukses, n&euml; m&euml;nyr&euml; q&euml; t&euml; siguroj&euml; m&euml; shum&euml; se 47 ul&euml;se n&euml; Kuvend, sa ka aktualisht. N&euml; zgjedhjet parlamentare t&euml; 2021-shit, L&euml;vizja Vet&euml;vendosje fitoi mbi 80 p&euml;r qind t&euml; votave me post&euml;, pra nga diaspora. At&euml; vit, [&hellip;]<\/p>\n","protected":false},"author":2,"featured_media":41017,"comment_status":"open","ping_status":"closed","sticky":false,"template":"","format":"standard","meta":{"_monsterinsights_skip_tracking":false,"_monsterinsights_sitenote_active":false,"_monsterinsights_sitenote_note":"","_monsterinsights_sitenote_category":0,"footnotes":""},"categories":[576],"tags":[],"class_list":["post-41016","post","type-post","status-publish","format-standard","has-post-thumbnail","hentry","category-rajoni"],"_links":{"self":[{"href":"https:\/\/radiojehona.mk\/index.php?rest_route=\/wp\/v2\/posts\/41016","targetHints":{"allow":["GET"]}}],"collection":[{"href":"https:\/\/radiojehona.mk\/index.php?rest_route=\/wp\/v2\/posts"}],"about":[{"href":"https:\/\/radiojehona.mk\/index.php?rest_route=\/wp\/v2\/types\/post"}],"author":[{"embeddable":true,"href":"https:\/\/radiojehona.mk\/index.php?rest_route=\/wp\/v2\/users\/2"}],"replies":[{"embeddable":true,"href":"https:\/\/radiojehona.mk\/index.php?rest_route=%2Fwp%2Fv2%2Fcomments&post=41016"}],"version-history":[{"count":2,"href":"https:\/\/radiojehona.mk\/index.php?rest_route=\/wp\/v2\/posts\/41016\/revisions"}],"predecessor-version":[{"id":41019,"href":"https:\/\/radiojehona.mk\/index.php?rest_route=\/wp\/v2\/posts\/41016\/revisions\/41019"}],"wp:featuredmedia":[{"embeddable":true,"href":"https:\/\/radiojehona.mk\/index.php?rest_route=\/wp\/v2\/media\/41017"}],"wp:attachment":[{"href":"https:\/\/radiojehona.mk\/index.php?rest_route=%2Fwp%2Fv2%2Fmedia&parent=41016"}],"wp:term":[{"taxonomy":"category","embeddable":true,"href":"https:\/\/radiojehona.mk\/index.php?rest_route=%2Fwp%2Fv2%2Fcategories&post=41016"},{"taxonomy":"post_tag","embeddable":true,"href":"https:\/\/radiojehona.mk\/index.php?rest_route=%2Fwp%2Fv2%2Ftags&post=41016"}],"curies":[{"name":"wp","href":"https:\/\/api.w.org\/{rel}","templated":true}]}}