{"id":41013,"date":"2025-02-12T08:38:21","date_gmt":"2025-02-12T08:38:21","guid":{"rendered":"https:\/\/radiojehona.com\/?p=41013"},"modified":"2025-02-12T08:38:22","modified_gmt":"2025-02-12T08:38:22","slug":"moti-sot-ne-maqedonine-e-veriut-6","status":"publish","type":"post","link":"https:\/\/radiojehona.mk\/?p=41013","title":{"rendered":"Moti sot n\u00eb Maqedonin\u00eb e Veriut"},"content":{"rendered":"\n<figure class=\"wp-block-image size-large\"><img fetchpriority=\"high\" decoding=\"async\" width=\"1024\" height=\"667\" src=\"https:\/\/radiojehona.com\/wp-content\/uploads\/2025\/02\/IMG_0717-1024x667.jpeg\" alt=\"\" class=\"wp-image-41014\" srcset=\"https:\/\/radiojehona.mk\/wp-content\/uploads\/2025\/02\/IMG_0717-1024x667.jpeg 1024w, https:\/\/radiojehona.mk\/wp-content\/uploads\/2025\/02\/IMG_0717-300x195.jpeg 300w, https:\/\/radiojehona.mk\/wp-content\/uploads\/2025\/02\/IMG_0717-768x500.jpeg 768w, https:\/\/radiojehona.mk\/wp-content\/uploads\/2025\/02\/IMG_0717.jpeg 1125w\" sizes=\"(max-width: 1024px) 100vw, 1024px\" \/><\/figure>\n\n\n\n<p>Moti sot n\u00eb Maqedonin\u00eb e Veriut do t\u00eb jet\u00eb me vran\u00ebsira dhe diell. N\u00eb or\u00ebt e fundit t\u00eb dit\u00ebs do t\u00eb ket\u00eb kushte p\u00ebr reshje lokale t\u00eb shiut.<\/p>\n\n\n\n<p>Temperaturat minimale do t\u00eb l\u00ebvizin -8 deri 0, nd\u00ebrsa temperaturat maksimale do t\u00eb l\u00ebvizin prej 3 deri 8 grad\u00eb celsius.<\/p>\n\n\n\n<p>Dit\u00ebn e enjte n\u00eb vendet malore do t\u00eb ket\u00eb reshje t\u00eb bor\u00ebs.<\/p>\n","protected":false},"excerpt":{"rendered":"<p>Moti sot n&euml; Maqedonin&euml; e Veriut do t&euml; jet&euml; me vran&euml;sira dhe diell. N&euml; or&euml;t e fundit t&euml; dit&euml;s do t&euml; ket&euml; kushte p&euml;r reshje lokale t&euml; shiut. Temperaturat minimale do t&euml; l&euml;vizin -8 deri 0, nd&euml;rsa temperaturat maksimale do t&euml; l&euml;vizin prej 3 deri 8 grad&euml; celsius. Dit&euml;n e enjte n&euml; vendet malore do [&hellip;]<\/p>\n","protected":false},"author":2,"featured_media":41014,"comment_status":"open","ping_status":"closed","sticky":false,"template":"","format":"standard","meta":{"_monsterinsights_skip_tracking":false,"_monsterinsights_sitenote_active":false,"_monsterinsights_sitenote_note":"","_monsterinsights_sitenote_category":0,"footnotes":""},"categories":[1],"tags":[],"class_list":["post-41013","post","type-post","status-publish","format-standard","has-post-thumbnail","hentry","category-vendi"],"_links":{"self":[{"href":"https:\/\/radiojehona.mk\/index.php?rest_route=\/wp\/v2\/posts\/41013","targetHints":{"allow":["GET"]}}],"collection":[{"href":"https:\/\/radiojehona.mk\/index.php?rest_route=\/wp\/v2\/posts"}],"about":[{"href":"https:\/\/radiojehona.mk\/index.php?rest_route=\/wp\/v2\/types\/post"}],"author":[{"embeddable":true,"href":"https:\/\/radiojehona.mk\/index.php?rest_route=\/wp\/v2\/users\/2"}],"replies":[{"embeddable":true,"href":"https:\/\/radiojehona.mk\/index.php?rest_route=%2Fwp%2Fv2%2Fcomments&post=41013"}],"version-history":[{"count":1,"href":"https:\/\/radiojehona.mk\/index.php?rest_route=\/wp\/v2\/posts\/41013\/revisions"}],"predecessor-version":[{"id":41015,"href":"https:\/\/radiojehona.mk\/index.php?rest_route=\/wp\/v2\/posts\/41013\/revisions\/41015"}],"wp:featuredmedia":[{"embeddable":true,"href":"https:\/\/radiojehona.mk\/index.php?rest_route=\/wp\/v2\/media\/41014"}],"wp:attachment":[{"href":"https:\/\/radiojehona.mk\/index.php?rest_route=%2Fwp%2Fv2%2Fmedia&parent=41013"}],"wp:term":[{"taxonomy":"category","embeddable":true,"href":"https:\/\/radiojehona.mk\/index.php?rest_route=%2Fwp%2Fv2%2Fcategories&post=41013"},{"taxonomy":"post_tag","embeddable":true,"href":"https:\/\/radiojehona.mk\/index.php?rest_route=%2Fwp%2Fv2%2Ftags&post=41013"}],"curies":[{"name":"wp","href":"https:\/\/api.w.org\/{rel}","templated":true}]}}