{"id":40358,"date":"2025-01-24T14:18:13","date_gmt":"2025-01-24T14:18:13","guid":{"rendered":"https:\/\/radiojehona.com\/?p=40358"},"modified":"2025-01-24T14:18:13","modified_gmt":"2025-01-24T14:18:13","slug":"kater-procese-gjyqesore-kunder-ramiz-merkos-deshmon-ish-ministri-shaqiri","status":"publish","type":"post","link":"https:\/\/radiojehona.mk\/?p=40358","title":{"rendered":"Kat\u00ebr procese gjyq\u00ebsore kund\u00ebr Ramiz Merkos, d\u00ebshmon ish-ministri Shaqiri"},"content":{"rendered":"\n<figure class=\"wp-block-image size-full\"><img fetchpriority=\"high\" decoding=\"async\" width=\"780\" height=\"470\" src=\"https:\/\/radiojehona.com\/wp-content\/uploads\/2025\/01\/merko-sudenje-780x470-1.png\" alt=\"\" class=\"wp-image-40359\" srcset=\"https:\/\/radiojehona.mk\/wp-content\/uploads\/2025\/01\/merko-sudenje-780x470-1.png 780w, https:\/\/radiojehona.mk\/wp-content\/uploads\/2025\/01\/merko-sudenje-780x470-1-300x181.png 300w, https:\/\/radiojehona.mk\/wp-content\/uploads\/2025\/01\/merko-sudenje-780x470-1-768x463.png 768w\" sizes=\"(max-width: 780px) 100vw, 780px\" \/><\/figure>\n\n\n\n<p>N\u00eb Gjykat\u00ebn Themelore n\u00eb Strug\u00eb filloi i pari nga kat\u00ebr gjykimet e parapara p\u00ebr sot kund\u00ebr kryetarit Ramiz Merko \u2013 p\u00ebr pllak\u00ebn n\u00eb objektin e komun\u00ebs, dy p\u00ebr drejtor\u00ebt e shkollave dhe p\u00ebr blerjen e \u201caudis\u00eb\u201d.<\/p>\n\n\n\n<p>Gjykimi i par\u00eb sot ka t\u00eb b\u00ebj\u00eb me em\u00ebrimin e paligjsh\u00ebm t\u00eb drejtor\u00ebve t\u00eb shkollave dhe \u00ebsht\u00eb n\u00eb procedur\u00eb provash, duke vazhduar me marrjen n\u00eb pyetje t\u00eb ish-ministrit t\u00eb Arsimit nga BDI, Jeton Shaqiri.<\/p>\n\n\n\n<p>Shaqiri, s\u00eb bashku me shefin e sektorit p\u00ebr financa n\u00eb Komun\u00ebn e Strug\u00ebs, Abedin Nuroski, duhej t\u00eb merrej n\u00eb pyetje n\u00eb seanc\u00ebn e kaluar n\u00eb tetor t\u00eb vitit t\u00eb kaluar \u00ebsht\u00eb, por nuk ka ndodhur p\u00ebr shkak t\u00eb mosdor\u00ebzimit t\u00eb duhur tek d\u00ebshmitar\u00ebt.<\/p>\n\n\n\n<p>Kryetari i komun\u00ebs s\u00eb Strug\u00ebs Ramiz Merko \u00ebsht\u00eb n\u00eb \u201clist\u00ebn e zez\u00eb\u201d t\u00eb Shteteve t\u00eb Bashkuara t\u00eb Amerik\u00ebs (SHBA) p\u00ebr shkak t\u00eb p\u00ebrfshirjes n\u00eb korrupsion. Ndaj tij jan\u00eb ngritur disa (n\u00ebnt\u00eb) akuza p\u00ebr sjellje t\u00eb pahijshme n\u00eb detyr\u00eb.<\/p>\n","protected":false},"excerpt":{"rendered":"<p>N&euml; Gjykat&euml;n Themelore n&euml; Strug&euml; filloi i pari nga kat&euml;r gjykimet e parapara p&euml;r sot kund&euml;r kryetarit Ramiz Merko &ndash; p&euml;r pllak&euml;n n&euml; objektin e komun&euml;s, dy p&euml;r drejtor&euml;t e shkollave dhe p&euml;r blerjen e &ldquo;audis&euml;&rdquo;. Gjykimi i par&euml; sot ka t&euml; b&euml;j&euml; me em&euml;rimin e paligjsh&euml;m t&euml; drejtor&euml;ve t&euml; shkollave dhe &euml;sht&euml; n&euml; procedur&euml; [&hellip;]<\/p>\n","protected":false},"author":2,"featured_media":40359,"comment_status":"open","ping_status":"closed","sticky":false,"template":"","format":"standard","meta":{"_monsterinsights_skip_tracking":false,"_monsterinsights_sitenote_active":false,"_monsterinsights_sitenote_note":"","_monsterinsights_sitenote_category":0,"footnotes":""},"categories":[1],"tags":[],"class_list":["post-40358","post","type-post","status-publish","format-standard","has-post-thumbnail","hentry","category-vendi"],"_links":{"self":[{"href":"https:\/\/radiojehona.mk\/index.php?rest_route=\/wp\/v2\/posts\/40358","targetHints":{"allow":["GET"]}}],"collection":[{"href":"https:\/\/radiojehona.mk\/index.php?rest_route=\/wp\/v2\/posts"}],"about":[{"href":"https:\/\/radiojehona.mk\/index.php?rest_route=\/wp\/v2\/types\/post"}],"author":[{"embeddable":true,"href":"https:\/\/radiojehona.mk\/index.php?rest_route=\/wp\/v2\/users\/2"}],"replies":[{"embeddable":true,"href":"https:\/\/radiojehona.mk\/index.php?rest_route=%2Fwp%2Fv2%2Fcomments&post=40358"}],"version-history":[{"count":1,"href":"https:\/\/radiojehona.mk\/index.php?rest_route=\/wp\/v2\/posts\/40358\/revisions"}],"predecessor-version":[{"id":40360,"href":"https:\/\/radiojehona.mk\/index.php?rest_route=\/wp\/v2\/posts\/40358\/revisions\/40360"}],"wp:featuredmedia":[{"embeddable":true,"href":"https:\/\/radiojehona.mk\/index.php?rest_route=\/wp\/v2\/media\/40359"}],"wp:attachment":[{"href":"https:\/\/radiojehona.mk\/index.php?rest_route=%2Fwp%2Fv2%2Fmedia&parent=40358"}],"wp:term":[{"taxonomy":"category","embeddable":true,"href":"https:\/\/radiojehona.mk\/index.php?rest_route=%2Fwp%2Fv2%2Fcategories&post=40358"},{"taxonomy":"post_tag","embeddable":true,"href":"https:\/\/radiojehona.mk\/index.php?rest_route=%2Fwp%2Fv2%2Ftags&post=40358"}],"curies":[{"name":"wp","href":"https:\/\/api.w.org\/{rel}","templated":true}]}}