{"id":40356,"date":"2025-01-24T14:17:33","date_gmt":"2025-01-24T14:17:33","guid":{"rendered":"https:\/\/radiojehona.com\/?p=40356"},"modified":"2025-01-24T14:17:34","modified_gmt":"2025-01-24T14:17:34","slug":"arrestohen-kater-persona-dyshohen-per-krijimin-e-organizates-terroriste","status":"publish","type":"post","link":"https:\/\/radiojehona.mk\/?p=40356","title":{"rendered":"Arrestohen kat\u00ebr persona, dyshohen p\u00ebr krijimin e organizat\u00ebs terroriste"},"content":{"rendered":"\n<figure class=\"wp-block-image size-full\"><img fetchpriority=\"high\" decoding=\"async\" width=\"725\" height=\"375\" src=\"https:\/\/radiojehona.com\/wp-content\/uploads\/2024\/11\/Policia-.jpg\" alt=\"\" class=\"wp-image-37694\" srcset=\"https:\/\/radiojehona.mk\/wp-content\/uploads\/2024\/11\/Policia-.jpg 725w, https:\/\/radiojehona.mk\/wp-content\/uploads\/2024\/11\/Policia--300x155.jpg 300w\" sizes=\"(max-width: 725px) 100vw, 725px\" \/><\/figure>\n\n\n\n<p>Kat\u00ebr persona t\u00eb dyshuar p\u00ebr krijimin e organizat\u00ebs terroriste jan\u00eb privuar nga liria nd\u00ebrsa Ministria e Brendshme ka ngritur kall\u00ebzime penale ndaj tyre. Policia ka kryer kontrolle n\u00eb pes\u00eb lokacione n\u00eb Shkup dhe Gostivar dhe dyshimet jan\u00eb se celula terroriste ishte e lidhur ideologjikisht me grupin e njohur terrorist ISIS.<\/p>\n\n\n\n<p>\u201cSynimi i an\u00ebtar\u00ebve t\u00eb celul\u00ebs terroriste ishte kryerja e aktit terrorist kund\u00ebr objektivave civile ose t\u00eb ashtuquajtura objektiva t\u00eb buta, gjegj\u00ebsisht objekteve publike n\u00eb vend, me q\u00ebllim t\u00eb krijimit t\u00eb ndjenj\u00ebs s\u00eb pasiguris\u00eb ose frik\u00ebs tek qytetar\u00ebt. P\u00ebr t\u00eb arritur q\u00ebllimin e tij, i akuzuari i par\u00eb ka krijuar disa grupe n\u00eb rrjetin social Telegram, n\u00eb t\u00eb cilat shp\u00ebrndante materiale propagandistike t\u00eb marr\u00eb dhe t\u00eb p\u00ebrkthyer m\u00eb par\u00eb t\u00eb ISIS-it duke rekrutuar an\u00ebtar\u00eb t\u00eb ri\u201d, njoftojn\u00eb nga Ministria e Brendshme.<\/p>\n\n\n\n<p>Pas kall\u00ebzimit penal nga MPB-ja, prokuroria p\u00ebr ndjekjen e krimit t\u00eb organizuar dhe korrupsionit tashm\u00eb ka marr\u00eb masa p\u00ebr k\u00ebt\u00eb rast nd\u00ebrsa t\u00eb dyshuarit tashm\u00eb jan\u00eb n\u00eb paraburgim.<\/p>\n\n\n\n<p>\u201cDuke pasur parasysh se jan\u00eb plot\u00ebsuar kushtet ligjore, prokurori publik n\u00eb fjal\u00eb ka dor\u00ebzuar propozime te gjykat\u00ebsi i procedur\u00ebs paraprake n\u00eb Gjykat\u00ebn Themelore Penale n\u00eb Shkup p\u00ebr caktimin e mas\u00ebs s\u00eb paraburgimit p\u00ebr t\u00eb gjith\u00eb t\u00eb dyshuarit. Gjykat\u00ebsi ka pranuar propozimet dhe t\u00eb dyshuarve ua ka caktuar mas\u00ebn e paraburgimit prej 30 dit\u00eb\u201d, thon\u00eb nga PThP NKOK.<\/p>\n\n\n\n<p>Gjat\u00eb kontrollit t\u00eb kryer nga policia n\u00eb prani t\u00eb prokurorit kompetent publik, tek t\u00eb gjith\u00eb t\u00eb dyshuarit jan\u00eb gjetur pushk\u00eb automatike, pistoleta, pajisje kompjuterike dhe telefona, t\u00eb cil\u00ebt do t\u2019i n\u00ebnshtrohen ekspertiz\u00ebs s\u00eb m\u00ebtutjeshme.&nbsp;<a href=\"https:\/\/alsat.mk\/arrestohen-kater-persona-dyshohen-per-krijimin-e-organizates-terroriste\/\">\/Alsat\/<\/a><\/p>\n","protected":false},"excerpt":{"rendered":"<p>Kat&euml;r persona t&euml; dyshuar p&euml;r krijimin e organizat&euml;s terroriste jan&euml; privuar nga liria nd&euml;rsa Ministria e Brendshme ka ngritur kall&euml;zime penale ndaj tyre. Policia ka kryer kontrolle n&euml; pes&euml; lokacione n&euml; Shkup dhe Gostivar dhe dyshimet jan&euml; se celula terroriste ishte e lidhur ideologjikisht me grupin e njohur terrorist ISIS. &ldquo;Synimi i an&euml;tar&euml;ve t&euml; celul&euml;s [&hellip;]<\/p>\n","protected":false},"author":2,"featured_media":37694,"comment_status":"open","ping_status":"closed","sticky":false,"template":"","format":"standard","meta":{"_monsterinsights_skip_tracking":false,"_monsterinsights_sitenote_active":false,"_monsterinsights_sitenote_note":"","_monsterinsights_sitenote_category":0,"footnotes":""},"categories":[1],"tags":[],"class_list":["post-40356","post","type-post","status-publish","format-standard","has-post-thumbnail","hentry","category-vendi"],"_links":{"self":[{"href":"https:\/\/radiojehona.mk\/index.php?rest_route=\/wp\/v2\/posts\/40356","targetHints":{"allow":["GET"]}}],"collection":[{"href":"https:\/\/radiojehona.mk\/index.php?rest_route=\/wp\/v2\/posts"}],"about":[{"href":"https:\/\/radiojehona.mk\/index.php?rest_route=\/wp\/v2\/types\/post"}],"author":[{"embeddable":true,"href":"https:\/\/radiojehona.mk\/index.php?rest_route=\/wp\/v2\/users\/2"}],"replies":[{"embeddable":true,"href":"https:\/\/radiojehona.mk\/index.php?rest_route=%2Fwp%2Fv2%2Fcomments&post=40356"}],"version-history":[{"count":1,"href":"https:\/\/radiojehona.mk\/index.php?rest_route=\/wp\/v2\/posts\/40356\/revisions"}],"predecessor-version":[{"id":40357,"href":"https:\/\/radiojehona.mk\/index.php?rest_route=\/wp\/v2\/posts\/40356\/revisions\/40357"}],"wp:featuredmedia":[{"embeddable":true,"href":"https:\/\/radiojehona.mk\/index.php?rest_route=\/wp\/v2\/media\/37694"}],"wp:attachment":[{"href":"https:\/\/radiojehona.mk\/index.php?rest_route=%2Fwp%2Fv2%2Fmedia&parent=40356"}],"wp:term":[{"taxonomy":"category","embeddable":true,"href":"https:\/\/radiojehona.mk\/index.php?rest_route=%2Fwp%2Fv2%2Fcategories&post=40356"},{"taxonomy":"post_tag","embeddable":true,"href":"https:\/\/radiojehona.mk\/index.php?rest_route=%2Fwp%2Fv2%2Ftags&post=40356"}],"curies":[{"name":"wp","href":"https:\/\/api.w.org\/{rel}","templated":true}]}}