{"id":40350,"date":"2025-01-24T14:14:52","date_gmt":"2025-01-24T14:14:52","guid":{"rendered":"https:\/\/radiojehona.com\/?p=40350"},"modified":"2025-01-24T14:14:52","modified_gmt":"2025-01-24T14:14:52","slug":"dy-femije-jane-ne-mbeshtetje-me-oksigjen-ne-kozle-aktualisht-ne-spital-ka-65-paciente","status":"publish","type":"post","link":"https:\/\/radiojehona.mk\/?p=40350","title":{"rendered":"Dy f\u00ebmij\u00eb jan\u00eb n\u00eb mb\u00ebshtetje me oksigjen n\u00eb Kozle, aktualisht n\u00eb spital ka 65 pacient\u00eb"},"content":{"rendered":"\n<figure class=\"wp-block-image size-full\"><img fetchpriority=\"high\" decoding=\"async\" width=\"750\" height=\"430\" src=\"https:\/\/radiojehona.com\/wp-content\/uploads\/2025\/01\/Detska-bolnica-Kozle-KOVID-19-2-1-1392x928-1-750x430-1.jpg\" alt=\"\" class=\"wp-image-40351\" srcset=\"https:\/\/radiojehona.mk\/wp-content\/uploads\/2025\/01\/Detska-bolnica-Kozle-KOVID-19-2-1-1392x928-1-750x430-1.jpg 750w, https:\/\/radiojehona.mk\/wp-content\/uploads\/2025\/01\/Detska-bolnica-Kozle-KOVID-19-2-1-1392x928-1-750x430-1-300x172.jpg 300w\" sizes=\"(max-width: 750px) 100vw, 750px\" \/><\/figure>\n\n\n\n<p>Klinika Universitare p\u00ebr s\u00ebmundje t\u00eb frym\u00ebmarrjes tek m\u00eb t\u00eb vegjlit n\u00eb Kozle t\u00eb Shkupit, njoftoi se 10 f\u00ebmij\u00eb jan\u00eb n\u00eb terapi intensive dhe dy prej tyre jan\u00eb vendosur n\u00eb mb\u00ebshtetje p\u00ebr oksigjen.<\/p>\n\n\n\n<p>Dit\u00ebt e fundit vihet re nj\u00eb num\u00ebr i shtuar i vizitave ambulatore dhe shtrimeve n\u00eb spital.<\/p>\n\n\n\n<p>Aktualisht jan\u00eb t\u00eb shtruar n\u00eb spital 65 pacient\u00eb. Jav\u00ebn e kaluar jan\u00eb regjistruar 1412 raste, q\u00eb \u00ebsht\u00eb mbi 34 p\u00ebr qind m\u00eb shum\u00eb se jav\u00ebn e kaluar.<\/p>\n\n\n\n<p>Numri i rasteve krahasuar me t\u00eb nj\u00ebjt\u00ebn periudh\u00eb sezonin e kaluar \u00ebsht\u00eb 15.7 p\u00ebr qind m\u00eb i ul\u00ebt.<\/p>\n\n\n\n<p>Numri m\u00eb i madh i rasteve \u00ebsht\u00eb regjistruar jan\u00eb n\u00eb Shkup. Kulmi i gripit pritet t\u00eb jet\u00eb n\u00eb mes t\u00eb shkurtit.<\/p>\n","protected":false},"excerpt":{"rendered":"<p>Klinika Universitare p&euml;r s&euml;mundje t&euml; frym&euml;marrjes tek m&euml; t&euml; vegjlit n&euml; Kozle t&euml; Shkupit, njoftoi se 10 f&euml;mij&euml; jan&euml; n&euml; terapi intensive dhe dy prej tyre jan&euml; vendosur n&euml; mb&euml;shtetje p&euml;r oksigjen. Dit&euml;t e fundit vihet re nj&euml; num&euml;r i shtuar i vizitave ambulatore dhe shtrimeve n&euml; spital. Aktualisht jan&euml; t&euml; shtruar n&euml; spital 65 [&hellip;]<\/p>\n","protected":false},"author":2,"featured_media":40351,"comment_status":"open","ping_status":"closed","sticky":false,"template":"","format":"standard","meta":{"_monsterinsights_skip_tracking":false,"_monsterinsights_sitenote_active":false,"_monsterinsights_sitenote_note":"","_monsterinsights_sitenote_category":0,"footnotes":""},"categories":[1],"tags":[],"class_list":["post-40350","post","type-post","status-publish","format-standard","has-post-thumbnail","hentry","category-vendi"],"_links":{"self":[{"href":"https:\/\/radiojehona.mk\/index.php?rest_route=\/wp\/v2\/posts\/40350","targetHints":{"allow":["GET"]}}],"collection":[{"href":"https:\/\/radiojehona.mk\/index.php?rest_route=\/wp\/v2\/posts"}],"about":[{"href":"https:\/\/radiojehona.mk\/index.php?rest_route=\/wp\/v2\/types\/post"}],"author":[{"embeddable":true,"href":"https:\/\/radiojehona.mk\/index.php?rest_route=\/wp\/v2\/users\/2"}],"replies":[{"embeddable":true,"href":"https:\/\/radiojehona.mk\/index.php?rest_route=%2Fwp%2Fv2%2Fcomments&post=40350"}],"version-history":[{"count":1,"href":"https:\/\/radiojehona.mk\/index.php?rest_route=\/wp\/v2\/posts\/40350\/revisions"}],"predecessor-version":[{"id":40352,"href":"https:\/\/radiojehona.mk\/index.php?rest_route=\/wp\/v2\/posts\/40350\/revisions\/40352"}],"wp:featuredmedia":[{"embeddable":true,"href":"https:\/\/radiojehona.mk\/index.php?rest_route=\/wp\/v2\/media\/40351"}],"wp:attachment":[{"href":"https:\/\/radiojehona.mk\/index.php?rest_route=%2Fwp%2Fv2%2Fmedia&parent=40350"}],"wp:term":[{"taxonomy":"category","embeddable":true,"href":"https:\/\/radiojehona.mk\/index.php?rest_route=%2Fwp%2Fv2%2Fcategories&post=40350"},{"taxonomy":"post_tag","embeddable":true,"href":"https:\/\/radiojehona.mk\/index.php?rest_route=%2Fwp%2Fv2%2Ftags&post=40350"}],"curies":[{"name":"wp","href":"https:\/\/api.w.org\/{rel}","templated":true}]}}