{"id":40346,"date":"2025-01-24T14:14:15","date_gmt":"2025-01-24T14:14:15","guid":{"rendered":"https:\/\/radiojehona.com\/?p=40346"},"modified":"2025-01-24T14:14:15","modified_gmt":"2025-01-24T14:14:15","slug":"taravari-dy-organizatoret-kryesor-te-27-prillit-ishin-gruevski-dhe-mijallkov-bdi-i-amnistoi-ato","status":"publish","type":"post","link":"https:\/\/radiojehona.mk\/?p=40346","title":{"rendered":"Taravari: Dy organizator\u00ebt kryesor t\u00eb 27 prillit ishin Gruevski dhe Mijallkov, BDI i amnistoi ato!"},"content":{"rendered":"\n<figure class=\"wp-block-image size-full\"><img fetchpriority=\"high\" decoding=\"async\" width=\"820\" height=\"407\" src=\"https:\/\/radiojehona.com\/wp-content\/uploads\/2025\/01\/Taravari-4.png\" alt=\"\" class=\"wp-image-40347\" srcset=\"https:\/\/radiojehona.mk\/wp-content\/uploads\/2025\/01\/Taravari-4.png 820w, https:\/\/radiojehona.mk\/wp-content\/uploads\/2025\/01\/Taravari-4-300x149.png 300w, https:\/\/radiojehona.mk\/wp-content\/uploads\/2025\/01\/Taravari-4-768x381.png 768w\" sizes=\"(max-width: 820px) 100vw, 820px\" \/><\/figure>\n\n\n\n<p>Kryetari i Aleanc\u00ebs p\u00ebr Shqiptar\u00ebt dhe minist\u00ebr i Sh\u00ebndet\u00ebsis\u00eb, Arben Taravari, ka deklaruar se dy organizator\u00ebt kryesor t\u00eb 27 prillit ishin Gruevski dhe Mijallkov.<br>\u201cDy organizator\u00ebt kryesor\u00eb t\u00eb 27 prillit ishin Gruevski dhe Mijalkov. BDI-ja i amnistoi ato duke ndryshuar Kodin Penal, n\u00ebp\u00ebrmjet ministrit t\u00eb tyre, vet\u00ebm q\u00eb ata t\u00eb shp\u00ebtonin. Ato q\u00eb kan\u00eb ndonj\u00eb paqart\u00ebsi rreth k\u00ebsaj pune tashm\u00eb jan\u00eb bashk\u00ebpun\u00ebtor\u00eb t\u00eb ngusht\u00eb t\u00eb Ahmetit, ai di shum\u00eb p\u00ebr 27 prillin, le ta pyesin!\u201d, ka deklaruar Taravari.<\/p>\n","protected":false},"excerpt":{"rendered":"<p>Kryetari i Aleanc&euml;s p&euml;r Shqiptar&euml;t dhe minist&euml;r i Sh&euml;ndet&euml;sis&euml;, Arben Taravari, ka deklaruar se dy organizator&euml;t kryesor t&euml; 27 prillit ishin Gruevski dhe Mijallkov.&ldquo;Dy organizator&euml;t kryesor&euml; t&euml; 27 prillit ishin Gruevski dhe Mijalkov. BDI-ja i amnistoi ato duke ndryshuar Kodin Penal, n&euml;p&euml;rmjet ministrit t&euml; tyre, vet&euml;m q&euml; ata t&euml; shp&euml;tonin. Ato q&euml; kan&euml; ndonj&euml; paqart&euml;si [&hellip;]<\/p>\n","protected":false},"author":2,"featured_media":40347,"comment_status":"open","ping_status":"closed","sticky":false,"template":"","format":"standard","meta":{"_monsterinsights_skip_tracking":false,"_monsterinsights_sitenote_active":false,"_monsterinsights_sitenote_note":"","_monsterinsights_sitenote_category":0,"footnotes":""},"categories":[1],"tags":[],"class_list":["post-40346","post","type-post","status-publish","format-standard","has-post-thumbnail","hentry","category-vendi"],"_links":{"self":[{"href":"https:\/\/radiojehona.mk\/index.php?rest_route=\/wp\/v2\/posts\/40346","targetHints":{"allow":["GET"]}}],"collection":[{"href":"https:\/\/radiojehona.mk\/index.php?rest_route=\/wp\/v2\/posts"}],"about":[{"href":"https:\/\/radiojehona.mk\/index.php?rest_route=\/wp\/v2\/types\/post"}],"author":[{"embeddable":true,"href":"https:\/\/radiojehona.mk\/index.php?rest_route=\/wp\/v2\/users\/2"}],"replies":[{"embeddable":true,"href":"https:\/\/radiojehona.mk\/index.php?rest_route=%2Fwp%2Fv2%2Fcomments&post=40346"}],"version-history":[{"count":2,"href":"https:\/\/radiojehona.mk\/index.php?rest_route=\/wp\/v2\/posts\/40346\/revisions"}],"predecessor-version":[{"id":40349,"href":"https:\/\/radiojehona.mk\/index.php?rest_route=\/wp\/v2\/posts\/40346\/revisions\/40349"}],"wp:featuredmedia":[{"embeddable":true,"href":"https:\/\/radiojehona.mk\/index.php?rest_route=\/wp\/v2\/media\/40347"}],"wp:attachment":[{"href":"https:\/\/radiojehona.mk\/index.php?rest_route=%2Fwp%2Fv2%2Fmedia&parent=40346"}],"wp:term":[{"taxonomy":"category","embeddable":true,"href":"https:\/\/radiojehona.mk\/index.php?rest_route=%2Fwp%2Fv2%2Fcategories&post=40346"},{"taxonomy":"post_tag","embeddable":true,"href":"https:\/\/radiojehona.mk\/index.php?rest_route=%2Fwp%2Fv2%2Ftags&post=40346"}],"curies":[{"name":"wp","href":"https:\/\/api.w.org\/{rel}","templated":true}]}}