{"id":40343,"date":"2025-01-24T14:13:14","date_gmt":"2025-01-24T14:13:14","guid":{"rendered":"https:\/\/radiojehona.com\/?p=40343"},"modified":"2025-01-24T14:13:14","modified_gmt":"2025-01-24T14:13:14","slug":"mickoski-vizita-ne-shba-ishte-jashtezakonisht-e-dobishme-dhe-frytdhenese-pres-qe-rezultatet-te-jene-te-dukshme-intensive-dhe-te-medha","status":"publish","type":"post","link":"https:\/\/radiojehona.mk\/?p=40343","title":{"rendered":"Mickoski: Vizita n\u00eb SHBA ishte jasht\u00ebzakonisht e dobishme dhe frytdh\u00ebn\u00ebse, pres q\u00eb rezultatet t\u00eb jen\u00eb t\u00eb dukshme, intensive dhe t\u00eb m\u00ebdha"},"content":{"rendered":"\n<figure class=\"wp-block-image size-full\"><img fetchpriority=\"high\" decoding=\"async\" width=\"1024\" height=\"682\" src=\"https:\/\/radiojehona.com\/wp-content\/uploads\/2025\/01\/27122024-Mickoski-1024x682-1.jpg\" alt=\"\" class=\"wp-image-40344\" srcset=\"https:\/\/radiojehona.mk\/wp-content\/uploads\/2025\/01\/27122024-Mickoski-1024x682-1.jpg 1024w, https:\/\/radiojehona.mk\/wp-content\/uploads\/2025\/01\/27122024-Mickoski-1024x682-1-300x200.jpg 300w, https:\/\/radiojehona.mk\/wp-content\/uploads\/2025\/01\/27122024-Mickoski-1024x682-1-768x512.jpg 768w\" sizes=\"(max-width: 1024px) 100vw, 1024px\" \/><\/figure>\n\n\n\n<p>Kryetari i Qeveris\u00eb s\u00eb Republik\u00ebs s\u00eb Maqedonis\u00eb s\u00eb Veriut, Hristijan Mickoski, sot, duke iu p\u00ebrgjigjur pyetjes s\u00eb gazetar\u00ebve lidhur me p\u00ebrshtypjet e tij nga vizita n\u00eb SHBA, me kontaktet e realizuara politike dhe ekonomike, deklaroi:\u201cJam shum\u00eb i k\u00ebnaqur, jasht\u00ebzakonisht i k\u00ebnaqur\u201d. Vizita ishte jasht\u00ebzakonisht e dobishme, frytdh\u00ebn\u00ebse dhe pres q\u00eb n\u00eb periudh\u00ebn n\u00eb vijim rezultatet t\u00eb jen\u00eb t\u00eb dukshme, intensive dhe t\u00eb m\u00ebdha. At\u00eb q\u00eb kam th\u00ebn\u00eb shpesh, do ta p\u00ebrs\u00ebris dhe tani. Ne do t\u00eb b\u00ebjm\u00eb detyr\u00ebn ton\u00eb dhe do t\u00eb luftojm\u00eb p\u00ebr projekte si ky, p\u00ebr infrastruktur\u00eb t\u00eb mir\u00eb, p\u00ebr kopshte t\u00eb reja, p\u00ebr shkolla t\u00eb reja, p\u00ebr nj\u00eb ekonomi m\u00eb konkurruese, p\u00ebr sh\u00ebndet\u00ebsi m\u00eb t\u00eb mir\u00eb, p\u00ebr arsim m\u00eb t\u00eb mir\u00eb etj. K\u00ebto jan\u00eb gj\u00ebra q\u00eb do t\u2019i zgjidhim n\u00eb vend dhe do ta luftojm\u00eb at\u00eb betej\u00eb dhe do ta fitojm\u00eb. Por duhet t\u00eb fitojm\u00eb edhe n\u00eb Uashington, Nju Jork, Bruksel, Rom\u00eb, Paris, Lond\u00ebr, Berlin, gjithandej dhe n\u00eb metropolet e tjera anemban\u00eb bot\u00ebs. Dhe t\u00eb jemi sa m\u00eb t\u00eb z\u00ebsh\u00ebm dhe t\u00eb paraqesim sa m\u00eb shum\u00eb argumente para bashk\u00ebbiseduesve tan\u00eb, p\u00ebr \u00e7\u00ebshtjen maqedonase, p\u00ebr t\u00eb gjitha sfidat q\u00eb na presin, por edhe ato q\u00eb ishin pas nesh. Dhe mendoj se jemi n\u00eb rrug\u00ebn e duhur. Nuk do t\u00eb ket\u00eb rezultate t\u00eb menj\u00ebhershme, por \u00ebsht\u00eb e r\u00ebnd\u00ebsishme q\u00eb at\u00eb q\u00eb b\u00ebjm\u00eb, ta b\u00ebjm\u00eb ekskluzivisht n\u00eb interes t\u00eb qytetar\u00ebve dhe atdheut q\u00eb vet\u00ebm e kemi\u201d.<\/p>\n","protected":false},"excerpt":{"rendered":"<p>Kryetari i Qeveris&euml; s&euml; Republik&euml;s s&euml; Maqedonis&euml; s&euml; Veriut, Hristijan Mickoski, sot, duke iu p&euml;rgjigjur pyetjes s&euml; gazetar&euml;ve lidhur me p&euml;rshtypjet e tij nga vizita n&euml; SHBA, me kontaktet e realizuara politike dhe ekonomike, deklaroi:&ldquo;Jam shum&euml; i k&euml;naqur, jasht&euml;zakonisht i k&euml;naqur&rdquo;. Vizita ishte jasht&euml;zakonisht e dobishme, frytdh&euml;n&euml;se dhe pres q&euml; n&euml; periudh&euml;n n&euml; vijim rezultatet [&hellip;]<\/p>\n","protected":false},"author":2,"featured_media":40344,"comment_status":"open","ping_status":"closed","sticky":false,"template":"","format":"standard","meta":{"_monsterinsights_skip_tracking":false,"_monsterinsights_sitenote_active":false,"_monsterinsights_sitenote_note":"","_monsterinsights_sitenote_category":0,"footnotes":""},"categories":[1],"tags":[],"class_list":["post-40343","post","type-post","status-publish","format-standard","has-post-thumbnail","hentry","category-vendi"],"_links":{"self":[{"href":"https:\/\/radiojehona.mk\/index.php?rest_route=\/wp\/v2\/posts\/40343","targetHints":{"allow":["GET"]}}],"collection":[{"href":"https:\/\/radiojehona.mk\/index.php?rest_route=\/wp\/v2\/posts"}],"about":[{"href":"https:\/\/radiojehona.mk\/index.php?rest_route=\/wp\/v2\/types\/post"}],"author":[{"embeddable":true,"href":"https:\/\/radiojehona.mk\/index.php?rest_route=\/wp\/v2\/users\/2"}],"replies":[{"embeddable":true,"href":"https:\/\/radiojehona.mk\/index.php?rest_route=%2Fwp%2Fv2%2Fcomments&post=40343"}],"version-history":[{"count":1,"href":"https:\/\/radiojehona.mk\/index.php?rest_route=\/wp\/v2\/posts\/40343\/revisions"}],"predecessor-version":[{"id":40345,"href":"https:\/\/radiojehona.mk\/index.php?rest_route=\/wp\/v2\/posts\/40343\/revisions\/40345"}],"wp:featuredmedia":[{"embeddable":true,"href":"https:\/\/radiojehona.mk\/index.php?rest_route=\/wp\/v2\/media\/40344"}],"wp:attachment":[{"href":"https:\/\/radiojehona.mk\/index.php?rest_route=%2Fwp%2Fv2%2Fmedia&parent=40343"}],"wp:term":[{"taxonomy":"category","embeddable":true,"href":"https:\/\/radiojehona.mk\/index.php?rest_route=%2Fwp%2Fv2%2Fcategories&post=40343"},{"taxonomy":"post_tag","embeddable":true,"href":"https:\/\/radiojehona.mk\/index.php?rest_route=%2Fwp%2Fv2%2Ftags&post=40343"}],"curies":[{"name":"wp","href":"https:\/\/api.w.org\/{rel}","templated":true}]}}