{"id":40340,"date":"2025-01-24T14:12:33","date_gmt":"2025-01-24T14:12:33","guid":{"rendered":"https:\/\/radiojehona.com\/?p=40340"},"modified":"2025-01-24T14:12:33","modified_gmt":"2025-01-24T14:12:33","slug":"babai-nga-tetova-gjeti-ne-shtepi-pa-shenja-jete-djalin-e-tij-20-vjecar","status":"publish","type":"post","link":"https:\/\/radiojehona.mk\/?p=40340","title":{"rendered":"Babai nga Tetova gjeti n\u00eb sht\u00ebpi pa shenja jete djalin e tij 20 vje\u00e7ar"},"content":{"rendered":"\n<figure class=\"wp-block-image size-full\"><img fetchpriority=\"high\" decoding=\"async\" width=\"780\" height=\"439\" src=\"https:\/\/radiojehona.com\/wp-content\/uploads\/2025\/01\/policia-mk-stop-780x439-1.png\" alt=\"\" class=\"wp-image-40341\" srcset=\"https:\/\/radiojehona.mk\/wp-content\/uploads\/2025\/01\/policia-mk-stop-780x439-1.png 780w, https:\/\/radiojehona.mk\/wp-content\/uploads\/2025\/01\/policia-mk-stop-780x439-1-300x169.png 300w, https:\/\/radiojehona.mk\/wp-content\/uploads\/2025\/01\/policia-mk-stop-780x439-1-768x432.png 768w\" sizes=\"(max-width: 780px) 100vw, 780px\" \/><\/figure>\n\n\n\n<p><strong>Me dat\u00eb 23.01.2025 n\u00eb ora 18.00 n\u00eb Stacionin Policor Tetov\u00eb, B.S. (48) nga fshati Re\u00e7ic\u00eb e Madhe, ka raportuar se djalin e tij H.S. e ka gjetur n\u00eb sht\u00ebpin\u00eb e tyre familjare, m\u00eb sakt\u00eb n\u00eb dhom\u00ebn e tij pa shenja jete, transmeton&nbsp;<a href=\"https:\/\/portalb.mk\/\">Portalb.mk.<\/a><\/strong><\/p>\n\n\n\n<p>\u201cNj\u00eb mjek i Urgjenc\u00ebs Mjek\u00ebsore ka konstatuar vdekjen pa shenja dhune. Inspektimin n\u00eb vendngjarje e ka kryer ekipi i SPB Tetov\u00eb n\u00eb bashk\u00ebpunim me prokurorin publik, me urdh\u00ebr t\u00eb t\u00eb cilit trupi i pajet\u00eb i t\u00eb ndjerit \u00ebsht\u00eb d\u00ebrguar n\u00eb Spitalin Klinik t\u00eb Tetov\u00ebs p\u00ebr obduksion\u201d,<strong>&nbsp;thon\u00eb nga SPB Tetov\u00eb.<\/strong><\/p>\n","protected":false},"excerpt":{"rendered":"<p>Me dat&euml; 23.01.2025 n&euml; ora 18.00 n&euml; Stacionin Policor Tetov&euml;, B.S. (48) nga fshati Re&ccedil;ic&euml; e Madhe, ka raportuar se djalin e tij H.S. e ka gjetur n&euml; sht&euml;pin&euml; e tyre familjare, m&euml; sakt&euml; n&euml; dhom&euml;n e tij pa shenja jete, transmeton&nbsp;Portalb.mk. &ldquo;Nj&euml; mjek i Urgjenc&euml;s Mjek&euml;sore ka konstatuar vdekjen pa shenja dhune. Inspektimin n&euml; [&hellip;]<\/p>\n","protected":false},"author":2,"featured_media":40341,"comment_status":"open","ping_status":"closed","sticky":false,"template":"","format":"standard","meta":{"_monsterinsights_skip_tracking":false,"_monsterinsights_sitenote_active":false,"_monsterinsights_sitenote_note":"","_monsterinsights_sitenote_category":0,"footnotes":""},"categories":[1],"tags":[],"class_list":["post-40340","post","type-post","status-publish","format-standard","has-post-thumbnail","hentry","category-vendi"],"_links":{"self":[{"href":"https:\/\/radiojehona.mk\/index.php?rest_route=\/wp\/v2\/posts\/40340","targetHints":{"allow":["GET"]}}],"collection":[{"href":"https:\/\/radiojehona.mk\/index.php?rest_route=\/wp\/v2\/posts"}],"about":[{"href":"https:\/\/radiojehona.mk\/index.php?rest_route=\/wp\/v2\/types\/post"}],"author":[{"embeddable":true,"href":"https:\/\/radiojehona.mk\/index.php?rest_route=\/wp\/v2\/users\/2"}],"replies":[{"embeddable":true,"href":"https:\/\/radiojehona.mk\/index.php?rest_route=%2Fwp%2Fv2%2Fcomments&post=40340"}],"version-history":[{"count":1,"href":"https:\/\/radiojehona.mk\/index.php?rest_route=\/wp\/v2\/posts\/40340\/revisions"}],"predecessor-version":[{"id":40342,"href":"https:\/\/radiojehona.mk\/index.php?rest_route=\/wp\/v2\/posts\/40340\/revisions\/40342"}],"wp:featuredmedia":[{"embeddable":true,"href":"https:\/\/radiojehona.mk\/index.php?rest_route=\/wp\/v2\/media\/40341"}],"wp:attachment":[{"href":"https:\/\/radiojehona.mk\/index.php?rest_route=%2Fwp%2Fv2%2Fmedia&parent=40340"}],"wp:term":[{"taxonomy":"category","embeddable":true,"href":"https:\/\/radiojehona.mk\/index.php?rest_route=%2Fwp%2Fv2%2Fcategories&post=40340"},{"taxonomy":"post_tag","embeddable":true,"href":"https:\/\/radiojehona.mk\/index.php?rest_route=%2Fwp%2Fv2%2Ftags&post=40340"}],"curies":[{"name":"wp","href":"https:\/\/api.w.org\/{rel}","templated":true}]}}