{"id":40330,"date":"2025-01-23T11:55:48","date_gmt":"2025-01-23T11:55:48","guid":{"rendered":"https:\/\/radiojehona.com\/?p=40330"},"modified":"2025-01-23T11:55:48","modified_gmt":"2025-01-23T11:55:48","slug":"shperthejne-serish-zjarret-prane-los-angelos-mijera-te-evakuuar","status":"publish","type":"post","link":"https:\/\/radiojehona.mk\/?p=40330","title":{"rendered":"Shp\u00ebrthejn\u00eb s\u00ebrish zjarret pran\u00eb Los Angelos, mij\u00ebra t\u00eb evakuuar"},"content":{"rendered":"\n<figure class=\"wp-block-image size-full\"><img fetchpriority=\"high\" decoding=\"async\" width=\"300\" height=\"185\" src=\"https:\/\/radiojehona.com\/wp-content\/uploads\/2025\/01\/zjarret-LA-300x185-1.png\" alt=\"\" class=\"wp-image-40331\"\/><\/figure>\n\n\n\n<p>Los Angelos nuk gjen qet\u00ebsi. Shp\u00ebrthejn\u00eb s\u00ebrish zjarret duke b\u00ebr\u00eb q\u00eb mij\u00ebra persona t\u00eb tjer\u00eb t\u00eb evakuohen menj\u00ebher\u00eb.<\/p>\n\n\n\n<p>BBC shkruan se rreth 31,000 persona jan\u00eb n\u00ebn nj\u00eb urdh\u00ebr evakuimi t\u00eb detyruesh\u00ebm dhe 23,000 t\u00eb tjer\u00eb jan\u00eb paralajm\u00ebruar se mund t\u2019u duhet t\u00eb largohen nga sht\u00ebpit\u00eb e tyre, pas zjarrit q\u00eb u aktivizua s\u00ebrish n\u00eb Kaliforni.<\/p>\n\n\n\n<p>Zjarri nisi gjat\u00eb or\u00ebve t\u00eb para t\u00eb m\u00ebngjesit t\u00eb sot\u00ebm pran\u00eb liqenit Castaic, rreth 40 milje nga zjarret Eaton dhe Palisades q\u00eb shkat\u00ebrruan pjes\u00eb t\u00eb Los Angelosit n\u00eb fillim t\u00eb k\u00ebtij muaji.<\/p>\n\n\n\n<p>\u201cFlak\u00ebt po p\u00ebrhapen me shpejt\u00ebsi dhe zjarri mbetet i v\u00ebshtir\u00eb p\u00ebr t\u2019u v\u00ebn\u00eb n\u00eb kontroll\u201d, tha shefi i zjarrfik\u00ebsve t\u00eb zon\u00ebs s\u00eb Los Anxhelosit Anthony Marrone.<\/p>\n","protected":false},"excerpt":{"rendered":"<p>Los Angelos nuk gjen qet&euml;si. Shp&euml;rthejn&euml; s&euml;rish zjarret duke b&euml;r&euml; q&euml; mij&euml;ra persona t&euml; tjer&euml; t&euml; evakuohen menj&euml;her&euml;. BBC shkruan se rreth 31,000 persona jan&euml; n&euml;n nj&euml; urdh&euml;r evakuimi t&euml; detyruesh&euml;m dhe 23,000 t&euml; tjer&euml; jan&euml; paralajm&euml;ruar se mund t&rsquo;u duhet t&euml; largohen nga sht&euml;pit&euml; e tyre, pas zjarrit q&euml; u aktivizua s&euml;rish n&euml; Kaliforni. [&hellip;]<\/p>\n","protected":false},"author":2,"featured_media":40331,"comment_status":"open","ping_status":"closed","sticky":false,"template":"","format":"standard","meta":{"_monsterinsights_skip_tracking":false,"_monsterinsights_sitenote_active":false,"_monsterinsights_sitenote_note":"","_monsterinsights_sitenote_category":0,"footnotes":""},"categories":[569],"tags":[],"class_list":["post-40330","post","type-post","status-publish","format-standard","has-post-thumbnail","hentry","category-bota"],"_links":{"self":[{"href":"https:\/\/radiojehona.mk\/index.php?rest_route=\/wp\/v2\/posts\/40330","targetHints":{"allow":["GET"]}}],"collection":[{"href":"https:\/\/radiojehona.mk\/index.php?rest_route=\/wp\/v2\/posts"}],"about":[{"href":"https:\/\/radiojehona.mk\/index.php?rest_route=\/wp\/v2\/types\/post"}],"author":[{"embeddable":true,"href":"https:\/\/radiojehona.mk\/index.php?rest_route=\/wp\/v2\/users\/2"}],"replies":[{"embeddable":true,"href":"https:\/\/radiojehona.mk\/index.php?rest_route=%2Fwp%2Fv2%2Fcomments&post=40330"}],"version-history":[{"count":2,"href":"https:\/\/radiojehona.mk\/index.php?rest_route=\/wp\/v2\/posts\/40330\/revisions"}],"predecessor-version":[{"id":40333,"href":"https:\/\/radiojehona.mk\/index.php?rest_route=\/wp\/v2\/posts\/40330\/revisions\/40333"}],"wp:featuredmedia":[{"embeddable":true,"href":"https:\/\/radiojehona.mk\/index.php?rest_route=\/wp\/v2\/media\/40331"}],"wp:attachment":[{"href":"https:\/\/radiojehona.mk\/index.php?rest_route=%2Fwp%2Fv2%2Fmedia&parent=40330"}],"wp:term":[{"taxonomy":"category","embeddable":true,"href":"https:\/\/radiojehona.mk\/index.php?rest_route=%2Fwp%2Fv2%2Fcategories&post=40330"},{"taxonomy":"post_tag","embeddable":true,"href":"https:\/\/radiojehona.mk\/index.php?rest_route=%2Fwp%2Fv2%2Ftags&post=40330"}],"curies":[{"name":"wp","href":"https:\/\/api.w.org\/{rel}","templated":true}]}}