{"id":40327,"date":"2025-01-23T11:55:01","date_gmt":"2025-01-23T11:55:01","guid":{"rendered":"https:\/\/radiojehona.com\/?p=40327"},"modified":"2025-01-23T11:55:01","modified_gmt":"2025-01-23T11:55:01","slug":"vuciq-be-ja-po-dorezohet-perballe-politikave-te-albin-kurtit","status":"publish","type":"post","link":"https:\/\/radiojehona.mk\/?p=40327","title":{"rendered":"Vu\u00e7iq: BE-ja po \u201cdor\u00ebzohet\u201d p\u00ebrball\u00eb politikave t\u00eb Albin Kurtit"},"content":{"rendered":"\n<figure class=\"wp-block-image size-full\"><img fetchpriority=\"high\" decoding=\"async\" width=\"750\" height=\"430\" src=\"https:\/\/radiojehona.com\/wp-content\/uploads\/2025\/01\/Vuciq-780x470-1-750x430-1.jpg\" alt=\"\" class=\"wp-image-40328\" srcset=\"https:\/\/radiojehona.mk\/wp-content\/uploads\/2025\/01\/Vuciq-780x470-1-750x430-1.jpg 750w, https:\/\/radiojehona.mk\/wp-content\/uploads\/2025\/01\/Vuciq-780x470-1-750x430-1-300x172.jpg 300w\" sizes=\"(max-width: 750px) 100vw, 750px\" \/><\/figure>\n\n\n\n<p>Bashkimi Europian po \u201cdor\u00ebzohet\u201d p\u00ebrball\u00eb politikave t\u00eb Albin Kurtit. K\u00ebshtu u shpreh Presidenti serb Aleksand\u00ebr Vu\u00e7i\u00e7 nga Forumi Ekonomik i Davosit. Ai deklaroi gjithashtu se kishte marr\u00eb zotimin nga aleati i tij n\u00eb Azi, Kina, p\u00ebr mb\u00ebshtetje t\u00eb vazhdueshme lidhur me Kosov\u00ebn dhe mosnd\u00ebrhyrjen e faktor\u00ebve t\u00eb huaj.<\/p>\n\n\n\n<p>\u201cUn\u00eb jam i shqet\u00ebsuar p\u00ebr politik\u00ebn evropiane n\u00eb k\u00ebt\u00eb \u00e7\u00ebshtje, jo vet\u00eb Sorensen, i cili \u00ebsht\u00eb nj\u00eb njeri profesionist dhe i drejt\u00eb, por politika e dor\u00ebzimit ndaj Kurtit dhe me gjith\u00eb provokimet aktive t\u00eb tij. Kjo nuk e ndalon at\u00eb nga an\u00ebtar\u00ebsimi n\u00eb K\u00ebshillin e Evrop\u00ebs dhe organizata t\u00eb tjera. Me Kin\u00ebn fol\u00ebm edhe p\u00ebr \u00e7\u00ebshtje politike dhe un\u00eb shpreha mb\u00ebshtetjen time t\u00eb plot\u00eb p\u00ebr zgjidhjen e \u00e7\u00ebshtjes s\u00eb Tajvanit nga Republika Popullore e Kin\u00ebs, n\u00eb p\u00ebrputhje me parimet e politik\u00ebs s\u00eb nj\u00eb Kine. Pala kineze ka vendosur shum\u00eb qart\u00eb t\u00eb mb\u00ebshtes\u00eb shtetin e Serbis\u00eb\u201d, deklaroi Aleksandar Vu\u00e7iq, President i Serbis\u00eb. \/<\/p>\n","protected":false},"excerpt":{"rendered":"<p>Bashkimi Europian po &ldquo;dor&euml;zohet&rdquo; p&euml;rball&euml; politikave t&euml; Albin Kurtit. K&euml;shtu u shpreh Presidenti serb Aleksand&euml;r Vu&ccedil;i&ccedil; nga Forumi Ekonomik i Davosit. Ai deklaroi gjithashtu se kishte marr&euml; zotimin nga aleati i tij n&euml; Azi, Kina, p&euml;r mb&euml;shtetje t&euml; vazhdueshme lidhur me Kosov&euml;n dhe mosnd&euml;rhyrjen e faktor&euml;ve t&euml; huaj. &ldquo;Un&euml; jam i shqet&euml;suar p&euml;r politik&euml;n evropiane [&hellip;]<\/p>\n","protected":false},"author":2,"featured_media":40328,"comment_status":"open","ping_status":"closed","sticky":false,"template":"","format":"standard","meta":{"_monsterinsights_skip_tracking":false,"_monsterinsights_sitenote_active":false,"_monsterinsights_sitenote_note":"","_monsterinsights_sitenote_category":0,"footnotes":""},"categories":[576],"tags":[],"class_list":["post-40327","post","type-post","status-publish","format-standard","has-post-thumbnail","hentry","category-rajoni"],"_links":{"self":[{"href":"https:\/\/radiojehona.mk\/index.php?rest_route=\/wp\/v2\/posts\/40327","targetHints":{"allow":["GET"]}}],"collection":[{"href":"https:\/\/radiojehona.mk\/index.php?rest_route=\/wp\/v2\/posts"}],"about":[{"href":"https:\/\/radiojehona.mk\/index.php?rest_route=\/wp\/v2\/types\/post"}],"author":[{"embeddable":true,"href":"https:\/\/radiojehona.mk\/index.php?rest_route=\/wp\/v2\/users\/2"}],"replies":[{"embeddable":true,"href":"https:\/\/radiojehona.mk\/index.php?rest_route=%2Fwp%2Fv2%2Fcomments&post=40327"}],"version-history":[{"count":1,"href":"https:\/\/radiojehona.mk\/index.php?rest_route=\/wp\/v2\/posts\/40327\/revisions"}],"predecessor-version":[{"id":40329,"href":"https:\/\/radiojehona.mk\/index.php?rest_route=\/wp\/v2\/posts\/40327\/revisions\/40329"}],"wp:featuredmedia":[{"embeddable":true,"href":"https:\/\/radiojehona.mk\/index.php?rest_route=\/wp\/v2\/media\/40328"}],"wp:attachment":[{"href":"https:\/\/radiojehona.mk\/index.php?rest_route=%2Fwp%2Fv2%2Fmedia&parent=40327"}],"wp:term":[{"taxonomy":"category","embeddable":true,"href":"https:\/\/radiojehona.mk\/index.php?rest_route=%2Fwp%2Fv2%2Fcategories&post=40327"},{"taxonomy":"post_tag","embeddable":true,"href":"https:\/\/radiojehona.mk\/index.php?rest_route=%2Fwp%2Fv2%2Ftags&post=40327"}],"curies":[{"name":"wp","href":"https:\/\/api.w.org\/{rel}","templated":true}]}}