{"id":40324,"date":"2025-01-23T11:53:40","date_gmt":"2025-01-23T11:53:40","guid":{"rendered":"https:\/\/radiojehona.com\/?p=40324"},"modified":"2025-01-23T11:53:40","modified_gmt":"2025-01-23T11:53:40","slug":"vazhdon-procesi-gjyqesor-ndaj-ish-krereve-te-uck-se","status":"publish","type":"post","link":"https:\/\/radiojehona.mk\/?p=40324","title":{"rendered":"Vazhdon procesi gjyq\u00ebsor ndaj ish-krer\u00ebve t\u00eb U\u00c7K-s\u00eb"},"content":{"rendered":"\n<figure class=\"wp-block-image size-full\"><img fetchpriority=\"high\" decoding=\"async\" width=\"744\" height=\"355\" src=\"https:\/\/radiojehona.com\/wp-content\/uploads\/2025\/01\/1736751307_Screenshot_1-8.jpg\" alt=\"\" class=\"wp-image-40325\" srcset=\"https:\/\/radiojehona.mk\/wp-content\/uploads\/2025\/01\/1736751307_Screenshot_1-8.jpg 744w, https:\/\/radiojehona.mk\/wp-content\/uploads\/2025\/01\/1736751307_Screenshot_1-8-300x143.jpg 300w\" sizes=\"(max-width: 744px) 100vw, 744px\" \/><\/figure>\n\n\n\n<p>N\u00eb Dhomat e Specializuara t\u00eb Kosov\u00ebs n\u00eb Hag\u00eb sipas kalendarit k\u00ebt\u00eb t\u00eb enjte do t\u00eb vazhdoj\u00eb procesi gjyq\u00ebsor ndaj ish-krer\u00ebve t\u00eb Ushtris\u00eb \u00c7lirimtare t\u00eb Kosov\u00ebs Hashim Tha\u00e7it, Kadri Veselit, Rexhep Selimit dhe Jakup Krasniqit.<\/p>\n\n\n\n<p>N\u00eb gjykimin gjyq\u00ebsor ndaj ish-krer\u00ebve t\u00eb U\u00c7K-s\u00eb, ka nisur d\u00ebshmin\u00eb t\u00eb m\u00ebrkur\u00ebn eksperti i mjek\u00ebsis\u00eb ligjore, John Clarke, i cili vazhdon edhe sot.<a href=\"https:\/\/pressonline.al\/2025\/01\/23\/gjilan-prishtine-e-batllave-keto-jane-takimet-e-abdixhikut-per-sot\/\"><\/a><\/p>\n\n\n\n<figure class=\"wp-block-image\"><a href=\"https:\/\/pressonline.al\/2025\/01\/23\/gjilan-prishtine-e-batllave-keto-jane-takimet-e-abdixhikut-per-sot\/\"><img decoding=\"async\" src=\"https:\/\/pressonline.al\/wp-content\/uploads\/2025\/01\/IMG_3325-150x150.jpeg\" alt=\"thumbnail\"\/><\/a><\/figure>\n\n\n\n<figure class=\"wp-block-image\"><a href=\"https:\/\/pressonline.al\/2025\/01\/23\/gjuha-e-kurtit-ne-tubime-ismaili-i-pdk-se-eshte-model-i-gabuar\/\"><img decoding=\"async\" src=\"https:\/\/pressonline.al\/wp-content\/uploads\/2025\/01\/Screenshot_2-24-150x150.jpg\" alt=\"thumbnail\"\/><\/a><\/figure>\n\n\n\n<p><a href=\"https:\/\/pressonline.al\/2025\/01\/23\/gjuha-e-kurtit-ne-tubime-ismaili-i-pdk-se-eshte-model-i-gabuar\/\"><\/a><\/p>\n\n\n\n<p>Ai ka p\u00ebrshkruar viktimat q\u00eb Zyra e Prokurorit t\u00eb Specializuar i ka prezantuar me fotografi.<\/p>\n\n\n\n<p>P\u00ebr disa viktima t\u00eb shfaqura n\u00eb ekran, nga Prokuroria, Clarke ka theksuar se kan\u00eb vdekur nga plumbi e disa t\u00eb tjera jan\u00eb goditur me instrumente t\u00eb ndryshme q\u00eb kan\u00eb shkaktuar mavijosje.Pas prokuroris\u00eb, pyetjet ndaj d\u00ebshmitarit i ka vazhduar mbrojtja e Kadri Veselit.<\/p>\n","protected":false},"excerpt":{"rendered":"<p>N&euml; Dhomat e Specializuara t&euml; Kosov&euml;s n&euml; Hag&euml; sipas kalendarit k&euml;t&euml; t&euml; enjte do t&euml; vazhdoj&euml; procesi gjyq&euml;sor ndaj ish-krer&euml;ve t&euml; Ushtris&euml; &Ccedil;lirimtare t&euml; Kosov&euml;s Hashim Tha&ccedil;it, Kadri Veselit, Rexhep Selimit dhe Jakup Krasniqit. N&euml; gjykimin gjyq&euml;sor ndaj ish-krer&euml;ve t&euml; U&Ccedil;K-s&euml;, ka nisur d&euml;shmin&euml; t&euml; m&euml;rkur&euml;n eksperti i mjek&euml;sis&euml; ligjore, John Clarke, i cili vazhdon [&hellip;]<\/p>\n","protected":false},"author":2,"featured_media":40325,"comment_status":"open","ping_status":"closed","sticky":false,"template":"","format":"standard","meta":{"_monsterinsights_skip_tracking":false,"_monsterinsights_sitenote_active":false,"_monsterinsights_sitenote_note":"","_monsterinsights_sitenote_category":0,"footnotes":""},"categories":[576],"tags":[],"class_list":["post-40324","post","type-post","status-publish","format-standard","has-post-thumbnail","hentry","category-rajoni"],"_links":{"self":[{"href":"https:\/\/radiojehona.mk\/index.php?rest_route=\/wp\/v2\/posts\/40324","targetHints":{"allow":["GET"]}}],"collection":[{"href":"https:\/\/radiojehona.mk\/index.php?rest_route=\/wp\/v2\/posts"}],"about":[{"href":"https:\/\/radiojehona.mk\/index.php?rest_route=\/wp\/v2\/types\/post"}],"author":[{"embeddable":true,"href":"https:\/\/radiojehona.mk\/index.php?rest_route=\/wp\/v2\/users\/2"}],"replies":[{"embeddable":true,"href":"https:\/\/radiojehona.mk\/index.php?rest_route=%2Fwp%2Fv2%2Fcomments&post=40324"}],"version-history":[{"count":1,"href":"https:\/\/radiojehona.mk\/index.php?rest_route=\/wp\/v2\/posts\/40324\/revisions"}],"predecessor-version":[{"id":40326,"href":"https:\/\/radiojehona.mk\/index.php?rest_route=\/wp\/v2\/posts\/40324\/revisions\/40326"}],"wp:featuredmedia":[{"embeddable":true,"href":"https:\/\/radiojehona.mk\/index.php?rest_route=\/wp\/v2\/media\/40325"}],"wp:attachment":[{"href":"https:\/\/radiojehona.mk\/index.php?rest_route=%2Fwp%2Fv2%2Fmedia&parent=40324"}],"wp:term":[{"taxonomy":"category","embeddable":true,"href":"https:\/\/radiojehona.mk\/index.php?rest_route=%2Fwp%2Fv2%2Fcategories&post=40324"},{"taxonomy":"post_tag","embeddable":true,"href":"https:\/\/radiojehona.mk\/index.php?rest_route=%2Fwp%2Fv2%2Ftags&post=40324"}],"curies":[{"name":"wp","href":"https:\/\/api.w.org\/{rel}","templated":true}]}}