{"id":40317,"date":"2025-01-23T11:50:17","date_gmt":"2025-01-23T11:50:17","guid":{"rendered":"https:\/\/radiojehona.com\/?p=40317"},"modified":"2025-01-23T11:50:17","modified_gmt":"2025-01-23T11:50:17","slug":"moldavia-terhiqet-nga-eurovisioni","status":"publish","type":"post","link":"https:\/\/radiojehona.mk\/?p=40317","title":{"rendered":"Moldavia t\u00ebrhiqet nga Eurovisioni"},"content":{"rendered":"\n<figure class=\"wp-block-image size-full\"><img fetchpriority=\"high\" decoding=\"async\" width=\"860\" height=\"550\" src=\"https:\/\/radiojehona.com\/wp-content\/uploads\/2025\/01\/bbbdda05-20db-4e0a-8d76-1bd0b0b18348.webp\" alt=\"\" class=\"wp-image-40318\" srcset=\"https:\/\/radiojehona.mk\/wp-content\/uploads\/2025\/01\/bbbdda05-20db-4e0a-8d76-1bd0b0b18348.webp 860w, https:\/\/radiojehona.mk\/wp-content\/uploads\/2025\/01\/bbbdda05-20db-4e0a-8d76-1bd0b0b18348-300x192.webp 300w, https:\/\/radiojehona.mk\/wp-content\/uploads\/2025\/01\/bbbdda05-20db-4e0a-8d76-1bd0b0b18348-768x491.webp 768w\" sizes=\"(max-width: 860px) 100vw, 860px\" \/><\/figure>\n\n\n\n<p>Moldavia nuk do t\u00eb marr\u00eb pjes\u00eb n\u00eb \u201cEurovision Song Contest 2025\u201d, i cili do t\u00eb mbahet n\u00eb maj n\u00eb qytetin zviceran t\u00eb Baselit.<\/p>\n\n\n\n<p>Kreu i delegacionit moldav t\u00eb Eurovisionit, Corneliu Durnescu, ka th\u00ebn\u00eb se Moldavia po t\u00ebrhiqej nga gara pas \u201cnj\u00eb analize t\u00eb holl\u00ebsishme t\u00eb situat\u00ebs aktuale, duke p\u00ebrfshir\u00eb sfidat ekonomike, administrative dhe artistike\u201d.<\/p>\n\n\n\n<p>Ai shtoi se kostot jan\u00eb t\u00eb m\u00ebdha dhe se tarifa e regjistrimit p\u00ebr Unionin Evropian t\u00eb Transmetuesve (EBU) vet\u00ebm p\u00ebr transmetuesin moldav arriti n\u00eb 21.486 euro.<\/p>\n\n\n\n<p>\u201cNa vjen keq q\u00eb Moldavia ka vendosur t\u00eb mos marr\u00eb pjes\u00eb n\u00eb gar\u00ebn e k\u00ebtij viti. Na vjen mir\u00eb q\u00eb shikuesit n\u00eb Moldavi do t\u00eb mund ta shikojn\u00eb transmetimin n\u00eb televizionin publik moldav dhe shpresojm\u00eb shum\u00eb q\u00eb t&#8217;i mir\u00ebpresim s\u00ebrish n\u00eb vitet n\u00eb vijim\u201d, ka th\u00ebn\u00eb mbik\u00ebqyr\u00ebsi ekzekutiv i Eurovisionit, Martin Osterdahl.<\/p>\n\n\n\n<p>Moldavia do t\u00eb duhet t\u00eb paguaj\u00eb gjob\u00eb p\u00ebr t\u00ebrheqjen e vonuar.<\/p>\n\n\n\n<p>T\u00eb gjith\u00eb transmetuesit kishin afat deri m\u00eb 11 tetor 2024 q\u00eb t\u00eb t\u00ebrhiqeshin nga gara pa paguar gjob\u00eb.<\/p>\n\n\n\n<p>Bullgaria, Rumania, Maqedonia e Veriut dhe Hungaria jan\u00eb t\u00ebrhequr tashm\u00eb nga Eurovisioni.<\/p>\n","protected":false},"excerpt":{"rendered":"<p>Moldavia nuk do t&euml; marr&euml; pjes&euml; n&euml; &ldquo;Eurovision Song Contest 2025&rdquo;, i cili do t&euml; mbahet n&euml; maj n&euml; qytetin zviceran t&euml; Baselit. Kreu i delegacionit moldav t&euml; Eurovisionit, Corneliu Durnescu, ka th&euml;n&euml; se Moldavia po t&euml;rhiqej nga gara pas &ldquo;nj&euml; analize t&euml; holl&euml;sishme t&euml; situat&euml;s aktuale, duke p&euml;rfshir&euml; sfidat ekonomike, administrative dhe artistike&rdquo;. Ai [&hellip;]<\/p>\n","protected":false},"author":2,"featured_media":40318,"comment_status":"open","ping_status":"closed","sticky":false,"template":"","format":"standard","meta":{"_monsterinsights_skip_tracking":false,"_monsterinsights_sitenote_active":false,"_monsterinsights_sitenote_note":"","_monsterinsights_sitenote_category":0,"footnotes":""},"categories":[569],"tags":[],"class_list":["post-40317","post","type-post","status-publish","format-standard","has-post-thumbnail","hentry","category-bota"],"_links":{"self":[{"href":"https:\/\/radiojehona.mk\/index.php?rest_route=\/wp\/v2\/posts\/40317","targetHints":{"allow":["GET"]}}],"collection":[{"href":"https:\/\/radiojehona.mk\/index.php?rest_route=\/wp\/v2\/posts"}],"about":[{"href":"https:\/\/radiojehona.mk\/index.php?rest_route=\/wp\/v2\/types\/post"}],"author":[{"embeddable":true,"href":"https:\/\/radiojehona.mk\/index.php?rest_route=\/wp\/v2\/users\/2"}],"replies":[{"embeddable":true,"href":"https:\/\/radiojehona.mk\/index.php?rest_route=%2Fwp%2Fv2%2Fcomments&post=40317"}],"version-history":[{"count":1,"href":"https:\/\/radiojehona.mk\/index.php?rest_route=\/wp\/v2\/posts\/40317\/revisions"}],"predecessor-version":[{"id":40319,"href":"https:\/\/radiojehona.mk\/index.php?rest_route=\/wp\/v2\/posts\/40317\/revisions\/40319"}],"wp:featuredmedia":[{"embeddable":true,"href":"https:\/\/radiojehona.mk\/index.php?rest_route=\/wp\/v2\/media\/40318"}],"wp:attachment":[{"href":"https:\/\/radiojehona.mk\/index.php?rest_route=%2Fwp%2Fv2%2Fmedia&parent=40317"}],"wp:term":[{"taxonomy":"category","embeddable":true,"href":"https:\/\/radiojehona.mk\/index.php?rest_route=%2Fwp%2Fv2%2Fcategories&post=40317"},{"taxonomy":"post_tag","embeddable":true,"href":"https:\/\/radiojehona.mk\/index.php?rest_route=%2Fwp%2Fv2%2Ftags&post=40317"}],"curies":[{"name":"wp","href":"https:\/\/api.w.org\/{rel}","templated":true}]}}