{"id":40314,"date":"2025-01-23T11:49:35","date_gmt":"2025-01-23T11:49:35","guid":{"rendered":"https:\/\/radiojehona.com\/?p=40314"},"modified":"2025-01-23T11:49:36","modified_gmt":"2025-01-23T11:49:36","slug":"nese-do-te-varej-nga-ukraina-lufta-do-te-perfundonte-neser-thote-ndihmesi-kryesor-i-zelenskyt","status":"publish","type":"post","link":"https:\/\/radiojehona.mk\/?p=40314","title":{"rendered":"N\u00ebse do t\u00eb varej nga Ukraina, lufta do t\u00eb p\u00ebrfundonte nes\u00ebr, thot\u00eb ndihm\u00ebsi kryesor i Zelenskyt"},"content":{"rendered":"\n<figure class=\"wp-block-image size-full\"><img fetchpriority=\"high\" decoding=\"async\" width=\"850\" height=\"478\" src=\"https:\/\/radiojehona.com\/wp-content\/uploads\/2025\/01\/auto_1-224-780x4391737627274-1.jpg\" alt=\"\" class=\"wp-image-40315\" srcset=\"https:\/\/radiojehona.mk\/wp-content\/uploads\/2025\/01\/auto_1-224-780x4391737627274-1.jpg 850w, https:\/\/radiojehona.mk\/wp-content\/uploads\/2025\/01\/auto_1-224-780x4391737627274-1-300x169.jpg 300w, https:\/\/radiojehona.mk\/wp-content\/uploads\/2025\/01\/auto_1-224-780x4391737627274-1-768x432.jpg 768w, https:\/\/radiojehona.mk\/wp-content\/uploads\/2025\/01\/auto_1-224-780x4391737627274-1-800x450.jpg 800w\" sizes=\"(max-width: 850px) 100vw, 850px\" \/><\/figure>\n\n\n\n<p>Askush nuk d\u00ebshiron t\u2019i jap\u00eb fund luft\u00ebs n\u00eb Ukrain\u00eb m\u00eb shum\u00eb se sa ukrainasit, por ajo duhet t\u00eb rezultoj\u00eb n\u00eb paqe, tha kreu i administrat\u00ebs presidenciale t\u00eb Ukrain\u00ebs p\u00ebr Euronews n\u00eb Davos, pasi presidenti Volodymyr Zelensky iu drejtua delegat\u00ebve duke i b\u00ebr\u00eb thirrje Evrop\u00ebs t\u00eb zgjohet.<\/p>\n\n\n\n<p><em>\u201cEvropa nuk mund ta lejoj\u00eb veten t\u00eb jet\u00eb e dyta apo e treta n\u00eb radh\u00eb p\u00ebr aleat\u00ebt e saj\u201d,<\/em>&nbsp;tha presidenti ukrainas.<\/p>\n\n\n\n<p>Zelensky n\u00eb fjalimin e tij n\u00eb Davos, ka b\u00ebr\u00eb \u2018thirrje zgjimi\u2019 t\u00eb ashp\u00ebr p\u00ebr kontinentin.<\/p>\n\n\n\n<p><em>\u201cMesazhi nuk mund t\u00eb ishte m\u00eb urgjent: lufta gjith\u00ebp\u00ebrfshir\u00ebse e Rusis\u00eb kund\u00ebr Ukrain\u00ebs, tashm\u00eb n\u00eb vitin e tret\u00eb, mbetet n\u00eb pragun e t\u00eb gjith\u00ebve. Betejat q\u00eb p\u00ebrfshijn\u00eb ushtar\u00eb t\u00eb Kores\u00eb s\u00eb Veriut po ndodhin tani n\u00eb vende gjeografikisht m\u00eb af\u00ebr Davos-it sesa Phenianit\u201d<\/em>, tha udh\u00ebheq\u00ebsi ukrainas.<\/p>\n\n\n\n<p>Kreu i administrat\u00ebs s\u00eb tij, Andriy Yermak, i tha Euronews se Ukraina ka nevoj\u00eb p\u00ebr mb\u00ebshtetjen e kontinentit, p\u00ebr t\u2019i dh\u00ebn\u00eb fund luft\u00ebs q\u00eb ajo kurr\u00eb nuk donte t\u00eb ndodhte n\u00eb radh\u00eb t\u00eb par\u00eb.<\/p>\n\n\n\n<p><em>\u201cNe jemi viktim\u00eb e k\u00ebtij agresioni dhe me t\u00eb v\u00ebrtet\u00eb duam t\u00eb rivendosim nj\u00eb paqe t\u00eb drejt\u00eb. Ne duam t\u2019i japim fund k\u00ebsaj lufte. Por sigurisht, k\u00ebt\u00eb vit n\u00eb Davos, fjalimi i presidentit ishte posa\u00e7\u00ebrisht p\u00ebr k\u00ebt\u00eb moment dhe p\u00ebr Evrop\u00ebn<\/em>\u201d, shpjegoi Yermak.<\/p>\n\n\n\n<p>Fjalimi i Zelensky n\u00eb Davos erdhi vet\u00ebm nj\u00eb dit\u00eb pas inaugurimit t\u00eb presidentit t\u00eb SHBA, Donald Trump dhe autoritetet e Kievit mbeten t\u00eb sigurta se administrata e re amerikane do t\u00eb q\u00ebndroj\u00eb n\u00eb krah t\u00eb Ukrain\u00ebs.<\/p>\n\n\n\n<p><em>\u201cNe vler\u00ebsojm\u00eb gatishm\u00ebrin\u00eb e presidentit t\u00eb SHBA-s\u00eb dhe administrat\u00ebs s\u00eb re p\u00ebr ta b\u00ebr\u00eb at\u00eb realitet dhe p\u00ebr t\u2019i dh\u00ebn\u00eb fund luft\u00ebs me paqe t\u00eb drejt\u00eb\u201d,<\/em>&nbsp;tha Yermak.<\/p>\n\n\n\n<p>Kur b\u00ebhet fjal\u00eb p\u00ebr agresionin e Rusis\u00eb, \u201c<em>\u00ebsht\u00eb e nevojshme t\u00eb jemi bashk\u00eb: Evropa, Shtetet e Bashkuara me Ukrain\u00ebn dhe t\u00eb shkojm\u00eb drejt paqes p\u00ebrmes forc\u00ebs<\/em>\u201d, shtoi ai.\/<a href=\"https:\/\/www.botasot.info\/\">botasot.info\/<\/a><\/p>\n","protected":false},"excerpt":{"rendered":"<p>Askush nuk d&euml;shiron t&rsquo;i jap&euml; fund luft&euml;s n&euml; Ukrain&euml; m&euml; shum&euml; se sa ukrainasit, por ajo duhet t&euml; rezultoj&euml; n&euml; paqe, tha kreu i administrat&euml;s presidenciale t&euml; Ukrain&euml;s p&euml;r Euronews n&euml; Davos, pasi presidenti Volodymyr Zelensky iu drejtua delegat&euml;ve duke i b&euml;r&euml; thirrje Evrop&euml;s t&euml; zgjohet. &ldquo;Evropa nuk mund ta lejoj&euml; veten t&euml; jet&euml; e [&hellip;]<\/p>\n","protected":false},"author":2,"featured_media":40315,"comment_status":"open","ping_status":"closed","sticky":false,"template":"","format":"standard","meta":{"_monsterinsights_skip_tracking":false,"_monsterinsights_sitenote_active":false,"_monsterinsights_sitenote_note":"","_monsterinsights_sitenote_category":0,"footnotes":""},"categories":[569],"tags":[],"class_list":["post-40314","post","type-post","status-publish","format-standard","has-post-thumbnail","hentry","category-bota"],"_links":{"self":[{"href":"https:\/\/radiojehona.mk\/index.php?rest_route=\/wp\/v2\/posts\/40314","targetHints":{"allow":["GET"]}}],"collection":[{"href":"https:\/\/radiojehona.mk\/index.php?rest_route=\/wp\/v2\/posts"}],"about":[{"href":"https:\/\/radiojehona.mk\/index.php?rest_route=\/wp\/v2\/types\/post"}],"author":[{"embeddable":true,"href":"https:\/\/radiojehona.mk\/index.php?rest_route=\/wp\/v2\/users\/2"}],"replies":[{"embeddable":true,"href":"https:\/\/radiojehona.mk\/index.php?rest_route=%2Fwp%2Fv2%2Fcomments&post=40314"}],"version-history":[{"count":1,"href":"https:\/\/radiojehona.mk\/index.php?rest_route=\/wp\/v2\/posts\/40314\/revisions"}],"predecessor-version":[{"id":40316,"href":"https:\/\/radiojehona.mk\/index.php?rest_route=\/wp\/v2\/posts\/40314\/revisions\/40316"}],"wp:featuredmedia":[{"embeddable":true,"href":"https:\/\/radiojehona.mk\/index.php?rest_route=\/wp\/v2\/media\/40315"}],"wp:attachment":[{"href":"https:\/\/radiojehona.mk\/index.php?rest_route=%2Fwp%2Fv2%2Fmedia&parent=40314"}],"wp:term":[{"taxonomy":"category","embeddable":true,"href":"https:\/\/radiojehona.mk\/index.php?rest_route=%2Fwp%2Fv2%2Fcategories&post=40314"},{"taxonomy":"post_tag","embeddable":true,"href":"https:\/\/radiojehona.mk\/index.php?rest_route=%2Fwp%2Fv2%2Ftags&post=40314"}],"curies":[{"name":"wp","href":"https:\/\/api.w.org\/{rel}","templated":true}]}}