{"id":40311,"date":"2025-01-23T11:47:55","date_gmt":"2025-01-23T11:47:55","guid":{"rendered":"https:\/\/radiojehona.com\/?p=40311"},"modified":"2025-01-23T11:47:56","modified_gmt":"2025-01-23T11:47:56","slug":"ambasadori-i-bashkimit-evropian-mihalis-rokas-per-vizite-ne-kumanove","status":"publish","type":"post","link":"https:\/\/radiojehona.mk\/?p=40311","title":{"rendered":"Ambasadori i Bashkimit Evropian, Mihalis Rokas p\u00ebr vizit\u00eb n\u00eb Kumanov\u00eb"},"content":{"rendered":"\n<figure class=\"wp-block-image size-full\"><img fetchpriority=\"high\" decoding=\"async\" width=\"780\" height=\"470\" src=\"https:\/\/radiojehona.com\/wp-content\/uploads\/2025\/01\/Rokas-780x470-1.jpg\" alt=\"\" class=\"wp-image-40312\" srcset=\"https:\/\/radiojehona.mk\/wp-content\/uploads\/2025\/01\/Rokas-780x470-1.jpg 780w, https:\/\/radiojehona.mk\/wp-content\/uploads\/2025\/01\/Rokas-780x470-1-300x181.jpg 300w, https:\/\/radiojehona.mk\/wp-content\/uploads\/2025\/01\/Rokas-780x470-1-768x463.jpg 768w\" sizes=\"(max-width: 780px) 100vw, 780px\" \/><\/figure>\n\n\n\n<p>Mihalis Rokas, shef i Delegacionit t\u00eb Bashkimit Evropian n\u00eb Maqedonin\u00eb e Veriut, sot do t\u00eb q\u00ebndroj\u00eb p\u00ebr vizit\u00eb n\u00eb Kumanov\u00eb. Ky aktivitet \u00ebsht\u00eb pjes\u00eb e seris\u00eb s\u00eb vizitave n\u00eb komunave, p\u00ebrmes t\u00eb cilave qytetar\u00ebt dhe institucionet kan\u00eb mund\u00ebsi t\u00eb njoftohen me p\u00ebrfitimet nga procesi i inkuadrimit n\u00eb Bashkimit Evropian. P\u00ebrmes vizitave t\u00eb tilla theksohet r\u00ebnd\u00ebsia e integrimit dhe kontributi i saj n\u00eb zhvillimin e bashk\u00ebsive lokale.Si\u00e7 informojn\u00eb nga Delegacioni i BE-s\u00eb, ambasadori Rokas gjat\u00eb vizit\u00ebs do t\u00eb takohet me kryetarin e komun\u00ebs s\u00eb Kumanov\u00ebs, Maksim Dimitrievski. Shefi i delegacionit t\u00eb BE-s\u00eb do t\u00eb bisedoj\u00eb edhe me an\u00ebtar\u00ebt e K\u00ebshillit t\u00eb komun\u00ebs.<\/p>\n\n\n\n<p>Ambasadori do t\u00eb takohet edhe me p\u00ebrfaq\u00ebsues t\u00eb organizatave qytetare dhe do t\u00eb marr\u00eb pjes\u00eb n\u00eb debatin me qytetar\u00ebt \u201cPyete ambasadorin\u201d, me q\u00ebllim q\u00eb t\u00eb bisedohet p\u00ebr \u00e7\u00ebshtje t\u00eb lidhura me rrug\u00ebn evropiane t\u00eb Maqedonis\u00eb s\u00eb Veriut.<\/p>\n\n\n\n<p>N\u00eb k\u00ebt\u00eb rast, ambasadori Rokas do ta vizitoj\u00eb projektin e financuar nga BE-ja \u201cEkonomia e gjelb\u00ebr \u2013 l\u00ebviz\u00ebz i p\u00ebrparimit\u201d, i cili \u00ebsht\u00eb pjes\u00eb e programit t\u00eb BE-s\u00eb p\u00ebr rritje. Projektin e zbaton kompania p\u00ebr reciklim t\u00eb kartonit dhe letr\u00ebs MIT Grup, q\u00ebllimi i t\u00eb cilit \u00ebsht\u00eb zvog\u00eblimi i sasis\u00eb s\u00eb mbeturinave nga letra dhe kartoni, si dhe zvog\u00eblimi i ndotjes s\u00eb ajrit n\u00eb rrethin\u00ebn e Kumanov\u00ebs.<\/p>\n","protected":false},"excerpt":{"rendered":"<p>Mihalis Rokas, shef i Delegacionit t&euml; Bashkimit Evropian n&euml; Maqedonin&euml; e Veriut, sot do t&euml; q&euml;ndroj&euml; p&euml;r vizit&euml; n&euml; Kumanov&euml;. Ky aktivitet &euml;sht&euml; pjes&euml; e seris&euml; s&euml; vizitave n&euml; komunave, p&euml;rmes t&euml; cilave qytetar&euml;t dhe institucionet kan&euml; mund&euml;si t&euml; njoftohen me p&euml;rfitimet nga procesi i inkuadrimit n&euml; Bashkimit Evropian. P&euml;rmes vizitave t&euml; tilla theksohet r&euml;nd&euml;sia [&hellip;]<\/p>\n","protected":false},"author":2,"featured_media":40312,"comment_status":"open","ping_status":"closed","sticky":false,"template":"","format":"standard","meta":{"_monsterinsights_skip_tracking":false,"_monsterinsights_sitenote_active":false,"_monsterinsights_sitenote_note":"","_monsterinsights_sitenote_category":0,"footnotes":""},"categories":[1],"tags":[],"class_list":["post-40311","post","type-post","status-publish","format-standard","has-post-thumbnail","hentry","category-vendi"],"_links":{"self":[{"href":"https:\/\/radiojehona.mk\/index.php?rest_route=\/wp\/v2\/posts\/40311","targetHints":{"allow":["GET"]}}],"collection":[{"href":"https:\/\/radiojehona.mk\/index.php?rest_route=\/wp\/v2\/posts"}],"about":[{"href":"https:\/\/radiojehona.mk\/index.php?rest_route=\/wp\/v2\/types\/post"}],"author":[{"embeddable":true,"href":"https:\/\/radiojehona.mk\/index.php?rest_route=\/wp\/v2\/users\/2"}],"replies":[{"embeddable":true,"href":"https:\/\/radiojehona.mk\/index.php?rest_route=%2Fwp%2Fv2%2Fcomments&post=40311"}],"version-history":[{"count":1,"href":"https:\/\/radiojehona.mk\/index.php?rest_route=\/wp\/v2\/posts\/40311\/revisions"}],"predecessor-version":[{"id":40313,"href":"https:\/\/radiojehona.mk\/index.php?rest_route=\/wp\/v2\/posts\/40311\/revisions\/40313"}],"wp:featuredmedia":[{"embeddable":true,"href":"https:\/\/radiojehona.mk\/index.php?rest_route=\/wp\/v2\/media\/40312"}],"wp:attachment":[{"href":"https:\/\/radiojehona.mk\/index.php?rest_route=%2Fwp%2Fv2%2Fmedia&parent=40311"}],"wp:term":[{"taxonomy":"category","embeddable":true,"href":"https:\/\/radiojehona.mk\/index.php?rest_route=%2Fwp%2Fv2%2Fcategories&post=40311"},{"taxonomy":"post_tag","embeddable":true,"href":"https:\/\/radiojehona.mk\/index.php?rest_route=%2Fwp%2Fv2%2Ftags&post=40311"}],"curies":[{"name":"wp","href":"https:\/\/api.w.org\/{rel}","templated":true}]}}