{"id":40308,"date":"2025-01-23T11:47:06","date_gmt":"2025-01-23T11:47:06","guid":{"rendered":"https:\/\/radiojehona.com\/?p=40308"},"modified":"2025-01-23T11:47:06","modified_gmt":"2025-01-23T11:47:06","slug":"ahmeti-nese-dikush-shkon-ne-bullgari-e-dikush-ne-shqiperi-kujt-do-ja-leme-kete-vend","status":"publish","type":"post","link":"https:\/\/radiojehona.mk\/?p=40308","title":{"rendered":"Ahmeti: N\u00ebse dikush shkon n\u00eb Bullgari e dikush n\u00eb Shqip\u00ebri, kujt do ja l\u00ebm\u00eb k\u00ebt\u00eb vend"},"content":{"rendered":"\n<figure class=\"wp-block-image size-large\"><img fetchpriority=\"high\" decoding=\"async\" width=\"1024\" height=\"681\" src=\"https:\/\/radiojehona.com\/wp-content\/uploads\/2025\/01\/474068138_1146389163521871_275423718699722812_n-1392x926-1-1024x681.jpg\" alt=\"\" class=\"wp-image-40309\" srcset=\"https:\/\/radiojehona.mk\/wp-content\/uploads\/2025\/01\/474068138_1146389163521871_275423718699722812_n-1392x926-1-1024x681.jpg 1024w, https:\/\/radiojehona.mk\/wp-content\/uploads\/2025\/01\/474068138_1146389163521871_275423718699722812_n-1392x926-1-300x200.jpg 300w, https:\/\/radiojehona.mk\/wp-content\/uploads\/2025\/01\/474068138_1146389163521871_275423718699722812_n-1392x926-1-768x511.jpg 768w, https:\/\/radiojehona.mk\/wp-content\/uploads\/2025\/01\/474068138_1146389163521871_275423718699722812_n-1392x926-1.jpg 1392w\" sizes=\"(max-width: 1024px) 100vw, 1024px\" \/><\/figure>\n\n\n\n<p>Kreu i BDI-s\u00eb Ali Ahmeti gjat\u00eb takimit me qytetar\u00ebt n\u00eb \u00c7ashk\u00eb ka th\u00ebn\u00eb se maqedonasve nuk duhet t\u2019i pengoj\u00eb shqipja dhe avancimi i shqiptar\u00ebve meq\u00eb shqiptar\u00ebt nuk jan\u00eb t\u00eb ardhur. Ai m\u00eb tej, tha se n\u00ebse dikush shkon n\u00eb Bullgari e dikush n\u00eb Shqip\u00ebri, kujt do i mbetet ky vend, duke aluduar n\u00eb prejardhje bullgare t\u00eb maqedonasve.<\/p>\n\n\n\n<p>\u201cUn\u00eb jam shum\u00eb i d\u00ebshp\u00ebruar kur d\u00ebgjoj debate t\u00eb intelektual\u00ebve, t\u00eb analist\u00ebve e publicist\u00ebve, t\u00eb bashk\u00ebqytetar\u00ebve tan\u00eb maqedonas. Ata i mundon shum\u00eb pse shqiptar\u00ebt e kan\u00eb ndryshuar statusin e vet politik n\u00eb k\u00ebt\u00eb vend dhe nuk jan\u00eb m\u00eb qiraxhinj n\u00eb sht\u00ebpi t\u00eb vet por jan\u00eb b\u00ebr\u00eb zot n\u00eb sht\u00ebpi t\u00eb vet. Atyre u pengon p\u00ebrse shqiptar\u00ebt kan\u00eb gjuh\u00ebn e vet, flasin gjuh\u00ebn e vet, shkruajn\u00eb gjuh\u00ebn e vet, kan\u00eb administrator shqiptar\u00eb, kan\u00eb polic\u00eb, kan\u00eb ushtarak\u00eb, kan\u00eb ushtar\u00eb, do t\u00eb thot\u00eb, kan\u00eb p\u00ebrfaq\u00ebsim n\u00eb t\u00eb gjitha institucionet, i shoh me gjuh\u00ebn e gjarprit flasin sikur ky shtet \u00ebsht\u00eb vet\u00ebm i maqedonasve. Por nuk shkon ashtu, se nuk \u00ebsht\u00eb vet\u00ebm i tyre. N\u00eb k\u00ebt\u00eb shtet shqiptar\u00ebt nuk jan\u00eb ardhacak\u00eb. \u201cPse shqiptar\u00ebt k\u00ebtu t\u00eb flasin shqip, pse nuk flasin arabisht algjerian\u00ebt n\u00eb Franc\u00eb, pse nuk flasin turqisht turqit q\u00eb jan\u00eb 6 milion n\u00eb Gjermani. K\u00ebta po t\u00eb duan t\u00eb flasin shqip le t\u00eb shkojn\u00eb n\u00eb Shqip\u00ebri\u201d. Po t\u00eb ja nisim k\u00ebshtu, hajde dikush t\u00eb shkoj\u00eb n\u00eb Bullgari, dikush t\u00eb shkoj\u00eb n\u00eb Shqip\u00ebri, kujt do ja l\u00ebm\u00eb k\u00ebt\u00eb vend ne?\u201d, deklaroi Ali Ahmeti, kryetar i BDI-s\u00eb. \/Alsat.mk<\/p>\n","protected":false},"excerpt":{"rendered":"<p>Kreu i BDI-s&euml; Ali Ahmeti gjat&euml; takimit me qytetar&euml;t n&euml; &Ccedil;ashk&euml; ka th&euml;n&euml; se maqedonasve nuk duhet t&rsquo;i pengoj&euml; shqipja dhe avancimi i shqiptar&euml;ve meq&euml; shqiptar&euml;t nuk jan&euml; t&euml; ardhur. Ai m&euml; tej, tha se n&euml;se dikush shkon n&euml; Bullgari e dikush n&euml; Shqip&euml;ri, kujt do i mbetet ky vend, duke aluduar n&euml; prejardhje bullgare [&hellip;]<\/p>\n","protected":false},"author":2,"featured_media":40309,"comment_status":"open","ping_status":"closed","sticky":false,"template":"","format":"standard","meta":{"_monsterinsights_skip_tracking":false,"_monsterinsights_sitenote_active":false,"_monsterinsights_sitenote_note":"","_monsterinsights_sitenote_category":0,"footnotes":""},"categories":[1],"tags":[],"class_list":["post-40308","post","type-post","status-publish","format-standard","has-post-thumbnail","hentry","category-vendi"],"_links":{"self":[{"href":"https:\/\/radiojehona.mk\/index.php?rest_route=\/wp\/v2\/posts\/40308","targetHints":{"allow":["GET"]}}],"collection":[{"href":"https:\/\/radiojehona.mk\/index.php?rest_route=\/wp\/v2\/posts"}],"about":[{"href":"https:\/\/radiojehona.mk\/index.php?rest_route=\/wp\/v2\/types\/post"}],"author":[{"embeddable":true,"href":"https:\/\/radiojehona.mk\/index.php?rest_route=\/wp\/v2\/users\/2"}],"replies":[{"embeddable":true,"href":"https:\/\/radiojehona.mk\/index.php?rest_route=%2Fwp%2Fv2%2Fcomments&post=40308"}],"version-history":[{"count":1,"href":"https:\/\/radiojehona.mk\/index.php?rest_route=\/wp\/v2\/posts\/40308\/revisions"}],"predecessor-version":[{"id":40310,"href":"https:\/\/radiojehona.mk\/index.php?rest_route=\/wp\/v2\/posts\/40308\/revisions\/40310"}],"wp:featuredmedia":[{"embeddable":true,"href":"https:\/\/radiojehona.mk\/index.php?rest_route=\/wp\/v2\/media\/40309"}],"wp:attachment":[{"href":"https:\/\/radiojehona.mk\/index.php?rest_route=%2Fwp%2Fv2%2Fmedia&parent=40308"}],"wp:term":[{"taxonomy":"category","embeddable":true,"href":"https:\/\/radiojehona.mk\/index.php?rest_route=%2Fwp%2Fv2%2Fcategories&post=40308"},{"taxonomy":"post_tag","embeddable":true,"href":"https:\/\/radiojehona.mk\/index.php?rest_route=%2Fwp%2Fv2%2Ftags&post=40308"}],"curies":[{"name":"wp","href":"https:\/\/api.w.org\/{rel}","templated":true}]}}