{"id":40305,"date":"2025-01-23T11:46:25","date_gmt":"2025-01-23T11:46:25","guid":{"rendered":"https:\/\/radiojehona.com\/?p=40305"},"modified":"2025-01-23T11:46:26","modified_gmt":"2025-01-23T11:46:26","slug":"vmro-nese-duam-te-jemi-vend-serioz-i-nato-s-duhet-te-kemi-avione-cilesor","status":"publish","type":"post","link":"https:\/\/radiojehona.mk\/?p=40305","title":{"rendered":"VMRO: N\u00ebse duam t\u00eb jemi vend serioz i NATO-s duhet t\u00eb kemi avion\u00eb cil\u00ebsor"},"content":{"rendered":"\n<figure class=\"wp-block-image size-full\"><img fetchpriority=\"high\" decoding=\"async\" width=\"640\" height=\"364\" src=\"https:\/\/radiojehona.com\/wp-content\/uploads\/2025\/01\/vmro-dpmne-640x364-1-1-1-2.jpg\" alt=\"\" class=\"wp-image-40306\" srcset=\"https:\/\/radiojehona.mk\/wp-content\/uploads\/2025\/01\/vmro-dpmne-640x364-1-1-1-2.jpg 640w, https:\/\/radiojehona.mk\/wp-content\/uploads\/2025\/01\/vmro-dpmne-640x364-1-1-1-2-300x171.jpg 300w\" sizes=\"(max-width: 640px) 100vw, 640px\" \/><\/figure>\n\n\n\n<p>Pasojat q\u00eb ne si shtet i p\u00ebsojm\u00eb nga p\u00ebrdorimi i avionit aktual, i cili nuk i mbulon nevojat e vendit dhe \u00ebsht\u00eb nga nj\u00eb dat\u00eb prodhimi m\u00eb t\u00eb vjet\u00ebr, jan\u00eb t\u00eb m\u00ebdha, thon\u00eb nga VMRO-DPMNE.<\/p>\n\n\n\n<p>\u201cJemi d\u00ebshmitar\u00eb se gjat\u00eb gjith\u00eb historis\u00eb s\u00eb shtetit, avion\u00ebt shtet\u00ebror\u00eb jan\u00eb p\u00ebrdorur p\u00ebr nevoja qeveritare p\u00ebr udh\u00ebtime nga drejtues t\u00eb qeveris\u00eb, p\u00ebr t\u00eb arritur n\u00eb destinacionin e d\u00ebshiruar t\u00eb sigurt dhe pa kosto shtes\u00eb.<\/p>\n\n\n\n<p>Si vend an\u00ebtar i NATO-s, n\u00ebse duam t\u00eb jemi nj\u00eb vend serioz, duhet t\u00eb kemi avion\u00eb cil\u00ebsor\u00eb. Avioni aktual n\u00eb sh\u00ebrbim t\u00eb qeveris\u00eb shpesh \u00ebsht\u00eb i prishur dhe ka nevoj\u00eb p\u00ebr riparime, gj\u00eb q\u00eb i \u201ckushton\u201d shtetit.<\/p>\n\n\n\n<p>Avioni shtet\u00ebror nuk do t\u00eb jet\u00eb i VMRO-DPMNE-s\u00eb, as i LSD-s\u00eb dhe BDI-s\u00eb, por do t\u00eb jet\u00eb p\u00ebr nevojat e shtetit. Mendjengusht\u00ebsia e LSD-s\u00eb dhe verb\u00ebria e Filip\u00e7es tregojn\u00eb se ata nuk shohin p\u00ebrtej verb\u00ebris\u00eb partiake.<\/p>\n\n\n\n<p>Aeroplani nuk do t\u00eb p\u00ebrdoret p\u00ebr t\u00eb qet\u00ebsuar koalicionet e partive n\u00eb pushtet, si\u00e7 kemi d\u00ebshmuar n\u00eb t\u00eb kaluar\u00ebn, por p\u00ebr p\u00ebrdorimin e udh\u00ebheqjes shtet\u00ebrore p\u00ebr t\u00eb udh\u00ebtuar n\u00eb udh\u00ebtime zyrtare ku Maqedonia p\u00ebrfaq\u00ebsohet dhe mbrohen interesat shtet\u00ebrore\u201d, thon\u00eb VMRO-DPMNE.<\/p>\n","protected":false},"excerpt":{"rendered":"<p>Pasojat q&euml; ne si shtet i p&euml;sojm&euml; nga p&euml;rdorimi i avionit aktual, i cili nuk i mbulon nevojat e vendit dhe &euml;sht&euml; nga nj&euml; dat&euml; prodhimi m&euml; t&euml; vjet&euml;r, jan&euml; t&euml; m&euml;dha, thon&euml; nga VMRO-DPMNE. &ldquo;Jemi d&euml;shmitar&euml; se gjat&euml; gjith&euml; historis&euml; s&euml; shtetit, avion&euml;t shtet&euml;ror&euml; jan&euml; p&euml;rdorur p&euml;r nevoja qeveritare p&euml;r udh&euml;time nga drejtues t&euml; [&hellip;]<\/p>\n","protected":false},"author":2,"featured_media":40306,"comment_status":"open","ping_status":"closed","sticky":false,"template":"","format":"standard","meta":{"_monsterinsights_skip_tracking":false,"_monsterinsights_sitenote_active":false,"_monsterinsights_sitenote_note":"","_monsterinsights_sitenote_category":0,"footnotes":""},"categories":[1],"tags":[],"class_list":["post-40305","post","type-post","status-publish","format-standard","has-post-thumbnail","hentry","category-vendi"],"_links":{"self":[{"href":"https:\/\/radiojehona.mk\/index.php?rest_route=\/wp\/v2\/posts\/40305","targetHints":{"allow":["GET"]}}],"collection":[{"href":"https:\/\/radiojehona.mk\/index.php?rest_route=\/wp\/v2\/posts"}],"about":[{"href":"https:\/\/radiojehona.mk\/index.php?rest_route=\/wp\/v2\/types\/post"}],"author":[{"embeddable":true,"href":"https:\/\/radiojehona.mk\/index.php?rest_route=\/wp\/v2\/users\/2"}],"replies":[{"embeddable":true,"href":"https:\/\/radiojehona.mk\/index.php?rest_route=%2Fwp%2Fv2%2Fcomments&post=40305"}],"version-history":[{"count":1,"href":"https:\/\/radiojehona.mk\/index.php?rest_route=\/wp\/v2\/posts\/40305\/revisions"}],"predecessor-version":[{"id":40307,"href":"https:\/\/radiojehona.mk\/index.php?rest_route=\/wp\/v2\/posts\/40305\/revisions\/40307"}],"wp:featuredmedia":[{"embeddable":true,"href":"https:\/\/radiojehona.mk\/index.php?rest_route=\/wp\/v2\/media\/40306"}],"wp:attachment":[{"href":"https:\/\/radiojehona.mk\/index.php?rest_route=%2Fwp%2Fv2%2Fmedia&parent=40305"}],"wp:term":[{"taxonomy":"category","embeddable":true,"href":"https:\/\/radiojehona.mk\/index.php?rest_route=%2Fwp%2Fv2%2Fcategories&post=40305"},{"taxonomy":"post_tag","embeddable":true,"href":"https:\/\/radiojehona.mk\/index.php?rest_route=%2Fwp%2Fv2%2Ftags&post=40305"}],"curies":[{"name":"wp","href":"https:\/\/api.w.org\/{rel}","templated":true}]}}