{"id":40301,"date":"2025-01-23T11:45:35","date_gmt":"2025-01-23T11:45:35","guid":{"rendered":"https:\/\/radiojehona.com\/?p=40301"},"modified":"2025-01-23T11:45:36","modified_gmt":"2025-01-23T11:45:36","slug":"ishp-me-detaje-nje-person-ka-vdekur-nga-sida-dhe-554-persona-jetojne-me-hiv-ne-vend","status":"publish","type":"post","link":"https:\/\/radiojehona.mk\/?p=40301","title":{"rendered":"ISHP me detaje: Nj\u00eb person ka vdekur nga SIDA dhe 554 persona jetojn\u00eb me HIV n\u00eb vend"},"content":{"rendered":"\n<figure class=\"wp-block-image size-full\"><img fetchpriority=\"high\" decoding=\"async\" width=\"780\" height=\"470\" src=\"https:\/\/radiojehona.com\/wp-content\/uploads\/2025\/01\/ISHP-780x470-1.jpg\" alt=\"\" class=\"wp-image-40302\" srcset=\"https:\/\/radiojehona.mk\/wp-content\/uploads\/2025\/01\/ISHP-780x470-1.jpg 780w, https:\/\/radiojehona.mk\/wp-content\/uploads\/2025\/01\/ISHP-780x470-1-300x181.jpg 300w, https:\/\/radiojehona.mk\/wp-content\/uploads\/2025\/01\/ISHP-780x470-1-768x463.jpg 768w\" sizes=\"(max-width: 780px) 100vw, 780px\" \/><\/figure>\n\n\n\n<p>Instituti i Sh\u00ebndetit Publik n\u00eb Maqedonin\u00eb e Veriut sot ka shp\u00ebrndar\u00eb t\u00eb dh\u00ebna n\u00eb lidhje me e HIV-it n\u00eb vend.<\/p>\n\n\n\n<p>Sipas t\u00eb dh\u00ebnave zyrtare, gjat\u00eb muajit dhjetor jan\u00eb raportuar dy raste t\u00eb konfirmuara me HIV, tek meshkujt, t\u00eb grupmosh\u00ebs 40-49 vje\u00e7.<\/p>\n\n\n\n<p>\u00cbsht\u00eb regjistruar nj\u00eb vdekje nga SIDA, e raportuar si e ndodhur n\u00eb n\u00ebntor 2024, tek nj\u00eb mashkull, i grupmosh\u00ebs 20-29 vje\u00e7. Sipas evidenc\u00ebs ekzistuese t\u00eb rasteve t\u00eb raportuara (deri m\u00eb 31.12.2024), numri kumulativ i personave t\u00eb regjistruar me HIV\/AIDS n\u00eb Republik\u00ebn e Maqedonis\u00eb \u00ebsht\u00eb Maqedonia e Veriut, p\u00ebr periudh\u00ebn 1987\u20132024, \u00ebsht\u00eb 688 dhe prej tyre, sipas t\u00eb dh\u00ebnave q\u00eb disponon ISHP, kan\u00eb vdekur 130 persona, nd\u00ebrsa me HIV\/AIDS 554 persona (4 persona kan\u00eb nj\u00eb p\u00ebrfundim t\u00eb panjohur).<\/p>\n\n\n\n<p>N\u00eb grupin e infeksioneve seksualisht dhe t\u00eb transmetueshme me gjak (duke p\u00ebrjashtuar HIV\/AIDS), jan\u00eb regjistruar 22 persona t\u00eb infektuar, shtat\u00eb raste me sifilis, gjasht\u00eb raste me hepatit B viral, pes\u00eb me hepatit viral C dhe kat\u00ebr me infeksion klamidia.<\/p>\n\n\n\n<p>Gjasht\u00eb raste t\u00eb reja pozitive me Covid-19 u regjistruan nga 6 deri m\u00eb 12 janar. Dy raste jan\u00eb regjistruar n\u00eb Kumanov\u00eb dhe Strumic\u00eb, nga nj\u00eb n\u00eb Shkup dhe K\u00ebr\u00e7ov\u00eb. Ndon\u00ebse numri i rasteve me Covid-19 n\u00eb baza javore \u00ebsht\u00eb i vog\u00ebl, si\u00e7 theksohet, duke qen\u00eb se periudha e rritjes s\u00eb qarkullimit t\u00eb viruseve t\u00eb frym\u00ebmarrjes n\u00eb hemisfer\u00ebn veriore \u00ebsht\u00eb n\u00eb vazhdim\u00ebsi, ekziston rreziku q\u00eb aktiviteti i Sars-CoV-2 t\u00eb rritet, \u201ce cila nxjerr n\u00eb pah nevoj\u00ebn e vazhdueshme p\u00ebr mbik\u00ebqyrje \u2013 epidemiologjike dhe virologjike, n\u00eb nivel komb\u00ebtar dhe rajonal\u201d.<\/p>\n","protected":false},"excerpt":{"rendered":"<p>Instituti i Sh&euml;ndetit Publik n&euml; Maqedonin&euml; e Veriut sot ka shp&euml;rndar&euml; t&euml; dh&euml;na n&euml; lidhje me e HIV-it n&euml; vend. Sipas t&euml; dh&euml;nave zyrtare, gjat&euml; muajit dhjetor jan&euml; raportuar dy raste t&euml; konfirmuara me HIV, tek meshkujt, t&euml; grupmosh&euml;s 40-49 vje&ccedil;. &Euml;sht&euml; regjistruar nj&euml; vdekje nga SIDA, e raportuar si e ndodhur n&euml; n&euml;ntor 2024, [&hellip;]<\/p>\n","protected":false},"author":2,"featured_media":40302,"comment_status":"open","ping_status":"closed","sticky":false,"template":"","format":"standard","meta":{"_monsterinsights_skip_tracking":false,"_monsterinsights_sitenote_active":false,"_monsterinsights_sitenote_note":"","_monsterinsights_sitenote_category":0,"footnotes":""},"categories":[1],"tags":[],"class_list":["post-40301","post","type-post","status-publish","format-standard","has-post-thumbnail","hentry","category-vendi"],"_links":{"self":[{"href":"https:\/\/radiojehona.mk\/index.php?rest_route=\/wp\/v2\/posts\/40301","targetHints":{"allow":["GET"]}}],"collection":[{"href":"https:\/\/radiojehona.mk\/index.php?rest_route=\/wp\/v2\/posts"}],"about":[{"href":"https:\/\/radiojehona.mk\/index.php?rest_route=\/wp\/v2\/types\/post"}],"author":[{"embeddable":true,"href":"https:\/\/radiojehona.mk\/index.php?rest_route=\/wp\/v2\/users\/2"}],"replies":[{"embeddable":true,"href":"https:\/\/radiojehona.mk\/index.php?rest_route=%2Fwp%2Fv2%2Fcomments&post=40301"}],"version-history":[{"count":2,"href":"https:\/\/radiojehona.mk\/index.php?rest_route=\/wp\/v2\/posts\/40301\/revisions"}],"predecessor-version":[{"id":40304,"href":"https:\/\/radiojehona.mk\/index.php?rest_route=\/wp\/v2\/posts\/40301\/revisions\/40304"}],"wp:featuredmedia":[{"embeddable":true,"href":"https:\/\/radiojehona.mk\/index.php?rest_route=\/wp\/v2\/media\/40302"}],"wp:attachment":[{"href":"https:\/\/radiojehona.mk\/index.php?rest_route=%2Fwp%2Fv2%2Fmedia&parent=40301"}],"wp:term":[{"taxonomy":"category","embeddable":true,"href":"https:\/\/radiojehona.mk\/index.php?rest_route=%2Fwp%2Fv2%2Fcategories&post=40301"},{"taxonomy":"post_tag","embeddable":true,"href":"https:\/\/radiojehona.mk\/index.php?rest_route=%2Fwp%2Fv2%2Ftags&post=40301"}],"curies":[{"name":"wp","href":"https:\/\/api.w.org\/{rel}","templated":true}]}}