{"id":40298,"date":"2025-01-23T11:44:27","date_gmt":"2025-01-23T11:44:27","guid":{"rendered":"https:\/\/radiojehona.com\/?p=40298"},"modified":"2025-01-23T11:44:27","modified_gmt":"2025-01-23T11:44:27","slug":"gjykata-vendosi-per-rastin-organizatoret-e-27-prillit-lirohen-janakieski-veljanovski-ristovski-dhe-atanasovski","status":"publish","type":"post","link":"https:\/\/radiojehona.mk\/?p=40298","title":{"rendered":"Gjykata vendosi p\u00ebr rastin \u201cOrganizator\u00ebt e 27 prillit\u201d, lirohen Janakieski, Veljanovski, Ristovski dhe Atanasovski"},"content":{"rendered":"\n<figure class=\"wp-block-image size-large\"><img fetchpriority=\"high\" decoding=\"async\" width=\"1024\" height=\"536\" src=\"https:\/\/radiojehona.com\/wp-content\/uploads\/2025\/01\/475014311_657901583424851_386879982636261496_n-1-1024x536.jpg\" alt=\"\" class=\"wp-image-40299\" srcset=\"https:\/\/radiojehona.mk\/wp-content\/uploads\/2025\/01\/475014311_657901583424851_386879982636261496_n-1-1024x536.jpg 1024w, https:\/\/radiojehona.mk\/wp-content\/uploads\/2025\/01\/475014311_657901583424851_386879982636261496_n-1-300x157.jpg 300w, https:\/\/radiojehona.mk\/wp-content\/uploads\/2025\/01\/475014311_657901583424851_386879982636261496_n-1-768x402.jpg 768w, https:\/\/radiojehona.mk\/wp-content\/uploads\/2025\/01\/475014311_657901583424851_386879982636261496_n-1.jpg 1182w\" sizes=\"(max-width: 1024px) 100vw, 1024px\" \/><\/figure>\n\n\n\n<p>Sot n\u00eb Gjykat\u00ebn Themelore Penale n\u00eb Shkup p\u00ebrfundoi gjykimi p\u00ebr rastin \u201cOrganizator\u00ebt e 27 prillit\u201d, nd\u00ebrsa t\u00eb akuzuarit Mile Janakieski, Trajko Veljanovski, Spiro Ristovski dhe Vladimir Atanasovski u liruan nga ndjekja penale. Ata akuzoheshin p\u00ebr vepr\u00ebn \u201cK\u00ebrc\u00ebnim terrorist i rendit kushtetues\u201d, n\u00eb lidhje me sulmin n\u00eb Kuvend m\u00eb 27 prill t\u00eb vitit 2017.<\/p>\n\n\n\n<p>Gjykata Themelore Penale n\u00eb Shkup e pranoi k\u00ebrkes\u00ebn p\u00ebr amnisti nga t\u00eb akuzuarit.<\/p>\n\n\n\n<p>\u201cKa p\u00ebrfunduar seanca kryesore, mund t\u00eb shkoni, jeni t\u00eb lir\u00eb\u201d, u tha t\u00eb akuzuarve gjyqtari Ilija Trpkov.<\/p>\n","protected":false},"excerpt":{"rendered":"<p>Sot n&euml; Gjykat&euml;n Themelore Penale n&euml; Shkup p&euml;rfundoi gjykimi p&euml;r rastin &ldquo;Organizator&euml;t e 27 prillit&rdquo;, nd&euml;rsa t&euml; akuzuarit Mile Janakieski, Trajko Veljanovski, Spiro Ristovski dhe Vladimir Atanasovski u liruan nga ndjekja penale. Ata akuzoheshin p&euml;r vepr&euml;n &ldquo;K&euml;rc&euml;nim terrorist i rendit kushtetues&rdquo;, n&euml; lidhje me sulmin n&euml; Kuvend m&euml; 27 prill t&euml; vitit 2017. Gjykata Themelore [&hellip;]<\/p>\n","protected":false},"author":2,"featured_media":40299,"comment_status":"open","ping_status":"closed","sticky":false,"template":"","format":"standard","meta":{"_monsterinsights_skip_tracking":false,"_monsterinsights_sitenote_active":false,"_monsterinsights_sitenote_note":"","_monsterinsights_sitenote_category":0,"footnotes":""},"categories":[1],"tags":[],"class_list":["post-40298","post","type-post","status-publish","format-standard","has-post-thumbnail","hentry","category-vendi"],"_links":{"self":[{"href":"https:\/\/radiojehona.mk\/index.php?rest_route=\/wp\/v2\/posts\/40298","targetHints":{"allow":["GET"]}}],"collection":[{"href":"https:\/\/radiojehona.mk\/index.php?rest_route=\/wp\/v2\/posts"}],"about":[{"href":"https:\/\/radiojehona.mk\/index.php?rest_route=\/wp\/v2\/types\/post"}],"author":[{"embeddable":true,"href":"https:\/\/radiojehona.mk\/index.php?rest_route=\/wp\/v2\/users\/2"}],"replies":[{"embeddable":true,"href":"https:\/\/radiojehona.mk\/index.php?rest_route=%2Fwp%2Fv2%2Fcomments&post=40298"}],"version-history":[{"count":1,"href":"https:\/\/radiojehona.mk\/index.php?rest_route=\/wp\/v2\/posts\/40298\/revisions"}],"predecessor-version":[{"id":40300,"href":"https:\/\/radiojehona.mk\/index.php?rest_route=\/wp\/v2\/posts\/40298\/revisions\/40300"}],"wp:featuredmedia":[{"embeddable":true,"href":"https:\/\/radiojehona.mk\/index.php?rest_route=\/wp\/v2\/media\/40299"}],"wp:attachment":[{"href":"https:\/\/radiojehona.mk\/index.php?rest_route=%2Fwp%2Fv2%2Fmedia&parent=40298"}],"wp:term":[{"taxonomy":"category","embeddable":true,"href":"https:\/\/radiojehona.mk\/index.php?rest_route=%2Fwp%2Fv2%2Fcategories&post=40298"},{"taxonomy":"post_tag","embeddable":true,"href":"https:\/\/radiojehona.mk\/index.php?rest_route=%2Fwp%2Fv2%2Ftags&post=40298"}],"curies":[{"name":"wp","href":"https:\/\/api.w.org\/{rel}","templated":true}]}}