{"id":40295,"date":"2025-01-23T11:43:41","date_gmt":"2025-01-23T11:43:41","guid":{"rendered":"https:\/\/radiojehona.com\/?p=40295"},"modified":"2025-01-23T11:43:41","modified_gmt":"2025-01-23T11:43:41","slug":"policia-jep-detaje-te-reja-per-aksidenti-afer-smillkovces-jane-lenduar-tre-persona","status":"publish","type":"post","link":"https:\/\/radiojehona.mk\/?p=40295","title":{"rendered":"Policia jep detaje t\u00eb reja p\u00ebr aksidenti af\u00ebr Smillkovc\u00ebs, jan\u00eb l\u00ebnduar tre persona"},"content":{"rendered":"\n<figure class=\"wp-block-image size-full\"><img fetchpriority=\"high\" decoding=\"async\" width=\"725\" height=\"375\" src=\"https:\/\/radiojehona.com\/wp-content\/uploads\/2024\/11\/Policia-.jpg\" alt=\"\" class=\"wp-image-37694\" srcset=\"https:\/\/radiojehona.mk\/wp-content\/uploads\/2024\/11\/Policia-.jpg 725w, https:\/\/radiojehona.mk\/wp-content\/uploads\/2024\/11\/Policia--300x155.jpg 300w\" sizes=\"(max-width: 725px) 100vw, 725px\" \/><\/figure>\n\n\n\n<p>MPB ka dal me t\u00eb dh\u00ebna t\u00eb reja p\u00ebr aksidentin e mbr\u00ebmsh\u00ebm n\u00eb t\u00eb cil\u00ebn mor\u00ebn pjes\u00eb disa automjete, ku u l\u00ebnduan tre persona.<\/p>\n\n\n\n<p>Nga MPB thon\u00eb se nj\u00eb kamion me targa t\u00eb bullgare dhe nj\u00eb automjet me targa t\u00eb Kosov\u00ebs jan\u00eb n\u00eb mesin e pjes\u00ebmarr\u00ebsve n\u00eb aksidentin q\u00eb ndodhi af\u00ebr kryq\u00ebzimit n\u00eb Smillkovc\u00eb t\u00eb Shkupit.<\/p>\n\n\n\n<p>\u201cMe dat\u00eb 22.01.2025 rreth or\u00ebs 20:30 n\u00eb SPB Shkup \u00ebsht\u00eb lajm\u00ebruar se n\u00eb autostrad\u00ebn \u2013 unaza e qytetit t\u00eb Shkupit, n\u00eb af\u00ebrsi t\u00eb kryq\u00ebzimit Smillkovc\u00eb, ka ndodhur nj\u00eb aksident trafiku n\u00eb mes t\u00eb vetur\u00ebs \u201cVolkswagen Golf\u201d me targa t\u00eb Shkupit, i drejtuar nga K.S ( 54) nga fshati Hara\u00e7in\u00eb, rajoni i Shkupit, automjetit \u201cHyundai\u201d me targa t\u00eb Kosov\u00ebs, i drejtuar nga B.B.(54) nga Kosova, automjeti \u201cBMW\u201d me targa t\u00eb Shkupit i drejtuar nga M.D. (27) nga fshati Radishan i Shkupit, dhe automjetit t\u00eb mallrave \u201cSkania\u201d me targa t\u00eb Bullgaris\u00eb drejtuar nga D.D. (55) nga Bullgaria dhe nj\u00eb autobusi t\u00eb parkuar \u201cSanos\u201d me targa t\u00eb Shkupit\u201d, thon\u00eb nga MPB.<\/p>\n\n\n\n<p>Nga aksidenti ka p\u00ebsuar l\u00ebndime t\u00eb r\u00ebnda drejtuesi i mjetit \u201cGolf\u201d nga Hara\u00e7ina, nd\u00ebrsa l\u00ebndime t\u00eb lehta kan\u00eb marr\u00eb shofer\u00ebt B.B nga Kosova dhe M.D nga Radishani, t\u00eb konstatuar n\u00eb Spitalin e P\u00ebrgjithsh\u00ebm t\u00eb Qytetit \u201cSh\u00ebn Naum i Ohrit\u201d n\u00eb Shkup.\/Telegrafi\/<\/p>\n","protected":false},"excerpt":{"rendered":"<p>MPB ka dal me t&euml; dh&euml;na t&euml; reja p&euml;r aksidentin e mbr&euml;msh&euml;m n&euml; t&euml; cil&euml;n mor&euml;n pjes&euml; disa automjete, ku u l&euml;nduan tre persona. Nga MPB thon&euml; se nj&euml; kamion me targa t&euml; bullgare dhe nj&euml; automjet me targa t&euml; Kosov&euml;s jan&euml; n&euml; mesin e pjes&euml;marr&euml;sve n&euml; aksidentin q&euml; ndodhi af&euml;r kryq&euml;zimit n&euml; Smillkovc&euml; t&euml; [&hellip;]<\/p>\n","protected":false},"author":2,"featured_media":37694,"comment_status":"open","ping_status":"closed","sticky":false,"template":"","format":"standard","meta":{"_monsterinsights_skip_tracking":false,"_monsterinsights_sitenote_active":false,"_monsterinsights_sitenote_note":"","_monsterinsights_sitenote_category":0,"footnotes":""},"categories":[1],"tags":[],"class_list":["post-40295","post","type-post","status-publish","format-standard","has-post-thumbnail","hentry","category-vendi"],"_links":{"self":[{"href":"https:\/\/radiojehona.mk\/index.php?rest_route=\/wp\/v2\/posts\/40295","targetHints":{"allow":["GET"]}}],"collection":[{"href":"https:\/\/radiojehona.mk\/index.php?rest_route=\/wp\/v2\/posts"}],"about":[{"href":"https:\/\/radiojehona.mk\/index.php?rest_route=\/wp\/v2\/types\/post"}],"author":[{"embeddable":true,"href":"https:\/\/radiojehona.mk\/index.php?rest_route=\/wp\/v2\/users\/2"}],"replies":[{"embeddable":true,"href":"https:\/\/radiojehona.mk\/index.php?rest_route=%2Fwp%2Fv2%2Fcomments&post=40295"}],"version-history":[{"count":2,"href":"https:\/\/radiojehona.mk\/index.php?rest_route=\/wp\/v2\/posts\/40295\/revisions"}],"predecessor-version":[{"id":40297,"href":"https:\/\/radiojehona.mk\/index.php?rest_route=\/wp\/v2\/posts\/40295\/revisions\/40297"}],"wp:featuredmedia":[{"embeddable":true,"href":"https:\/\/radiojehona.mk\/index.php?rest_route=\/wp\/v2\/media\/37694"}],"wp:attachment":[{"href":"https:\/\/radiojehona.mk\/index.php?rest_route=%2Fwp%2Fv2%2Fmedia&parent=40295"}],"wp:term":[{"taxonomy":"category","embeddable":true,"href":"https:\/\/radiojehona.mk\/index.php?rest_route=%2Fwp%2Fv2%2Fcategories&post=40295"},{"taxonomy":"post_tag","embeddable":true,"href":"https:\/\/radiojehona.mk\/index.php?rest_route=%2Fwp%2Fv2%2Ftags&post=40295"}],"curies":[{"name":"wp","href":"https:\/\/api.w.org\/{rel}","templated":true}]}}