{"id":40292,"date":"2025-01-23T11:42:33","date_gmt":"2025-01-23T11:42:33","guid":{"rendered":"https:\/\/radiojehona.com\/?p=40292"},"modified":"2025-01-23T11:42:34","modified_gmt":"2025-01-23T11:42:34","slug":"nderroi-jete-aktori-kumanovar-valon-ademi","status":"publish","type":"post","link":"https:\/\/radiojehona.mk\/?p=40292","title":{"rendered":"Nd\u00ebrroi jet\u00eb aktori kumanovar Valon Ademi"},"content":{"rendered":"\n<figure class=\"wp-block-image size-large\"><img fetchpriority=\"high\" decoding=\"async\" width=\"1024\" height=\"900\" src=\"https:\/\/radiojehona.com\/wp-content\/uploads\/2025\/01\/IMG_2208-1024x900.jpeg\" alt=\"\" class=\"wp-image-40293\" srcset=\"https:\/\/radiojehona.mk\/wp-content\/uploads\/2025\/01\/IMG_2208-1024x900.jpeg 1024w, https:\/\/radiojehona.mk\/wp-content\/uploads\/2025\/01\/IMG_2208-300x264.jpeg 300w, https:\/\/radiojehona.mk\/wp-content\/uploads\/2025\/01\/IMG_2208-768x675.jpeg 768w, https:\/\/radiojehona.mk\/wp-content\/uploads\/2025\/01\/IMG_2208.jpeg 1170w\" sizes=\"(max-width: 1024px) 100vw, 1024px\" \/><\/figure>\n\n\n\n<p>Ka nd\u00ebrruar jet\u00eb n\u00eb nj\u00eb mosh\u00eb relativisht t\u00eb re, aktori i njohur kumanovar, Valon Ademi.<\/p>\n\n\n\n<p>Lajmin p\u00ebr vdekjen e tij e kan\u00eb dh\u00ebn\u00eb familjar\u00ebt.<\/p>\n\n\n\n<p>\u201cT\u00eb dashur familjar, miq e dashamir\u00eb, me hidh\u00ebrim t\u00eb thell\u00eb ju njoftoj se me dat\u00eb 19.01.2025 nga nj\u00eb s\u00ebmundje e r\u00ebnd\u00eb v\u00ebllau im Valon Ademi ka nd\u00ebrruar jet\u00eb!<br>P\u00ebr informacione tjera rreth varrimit do t\u00eb ju informoj n\u00eb dit\u00ebt n\u00eb vazhdim!\u201d, ka shkruar v\u00ebllai i t\u00eb ndjerit. (INA)<\/p>\n","protected":false},"excerpt":{"rendered":"<p>Ka nd&euml;rruar jet&euml; n&euml; nj&euml; mosh&euml; relativisht t&euml; re, aktori i njohur kumanovar, Valon Ademi. Lajmin p&euml;r vdekjen e tij e kan&euml; dh&euml;n&euml; familjar&euml;t. &ldquo;T&euml; dashur familjar, miq e dashamir&euml;, me hidh&euml;rim t&euml; thell&euml; ju njoftoj se me dat&euml; 19.01.2025 nga nj&euml; s&euml;mundje e r&euml;nd&euml; v&euml;llau im Valon Ademi ka nd&euml;rruar jet&euml;!P&euml;r informacione tjera rreth [&hellip;]<\/p>\n","protected":false},"author":2,"featured_media":40293,"comment_status":"open","ping_status":"closed","sticky":false,"template":"","format":"standard","meta":{"_monsterinsights_skip_tracking":false,"_monsterinsights_sitenote_active":false,"_monsterinsights_sitenote_note":"","_monsterinsights_sitenote_category":0,"footnotes":""},"categories":[1],"tags":[],"class_list":["post-40292","post","type-post","status-publish","format-standard","has-post-thumbnail","hentry","category-vendi"],"_links":{"self":[{"href":"https:\/\/radiojehona.mk\/index.php?rest_route=\/wp\/v2\/posts\/40292","targetHints":{"allow":["GET"]}}],"collection":[{"href":"https:\/\/radiojehona.mk\/index.php?rest_route=\/wp\/v2\/posts"}],"about":[{"href":"https:\/\/radiojehona.mk\/index.php?rest_route=\/wp\/v2\/types\/post"}],"author":[{"embeddable":true,"href":"https:\/\/radiojehona.mk\/index.php?rest_route=\/wp\/v2\/users\/2"}],"replies":[{"embeddable":true,"href":"https:\/\/radiojehona.mk\/index.php?rest_route=%2Fwp%2Fv2%2Fcomments&post=40292"}],"version-history":[{"count":1,"href":"https:\/\/radiojehona.mk\/index.php?rest_route=\/wp\/v2\/posts\/40292\/revisions"}],"predecessor-version":[{"id":40294,"href":"https:\/\/radiojehona.mk\/index.php?rest_route=\/wp\/v2\/posts\/40292\/revisions\/40294"}],"wp:featuredmedia":[{"embeddable":true,"href":"https:\/\/radiojehona.mk\/index.php?rest_route=\/wp\/v2\/media\/40293"}],"wp:attachment":[{"href":"https:\/\/radiojehona.mk\/index.php?rest_route=%2Fwp%2Fv2%2Fmedia&parent=40292"}],"wp:term":[{"taxonomy":"category","embeddable":true,"href":"https:\/\/radiojehona.mk\/index.php?rest_route=%2Fwp%2Fv2%2Fcategories&post=40292"},{"taxonomy":"post_tag","embeddable":true,"href":"https:\/\/radiojehona.mk\/index.php?rest_route=%2Fwp%2Fv2%2Ftags&post=40292"}],"curies":[{"name":"wp","href":"https:\/\/api.w.org\/{rel}","templated":true}]}}