{"id":40289,"date":"2025-01-23T11:41:26","date_gmt":"2025-01-23T11:41:26","guid":{"rendered":"https:\/\/radiojehona.com\/?p=40289"},"modified":"2025-01-23T11:41:26","modified_gmt":"2025-01-23T11:41:26","slug":"ne-kodren-e-diellit-trashesia-e-bores-eshte-49-centimetra","status":"publish","type":"post","link":"https:\/\/radiojehona.mk\/?p=40289","title":{"rendered":"N\u00eb Kodr\u00ebn e Diellit trash\u00ebsia e bor\u00ebs \u00ebsht\u00eb 49 centimetra"},"content":{"rendered":"\n<figure class=\"wp-block-image size-full\"><img fetchpriority=\"high\" decoding=\"async\" width=\"696\" height=\"500\" src=\"https:\/\/radiojehona.com\/wp-content\/uploads\/2025\/01\/KODRA-E-DIELLIT-696x522-1-696x500-1.jpg\" alt=\"\" class=\"wp-image-40290\" srcset=\"https:\/\/radiojehona.mk\/wp-content\/uploads\/2025\/01\/KODRA-E-DIELLIT-696x522-1-696x500-1.jpg 696w, https:\/\/radiojehona.mk\/wp-content\/uploads\/2025\/01\/KODRA-E-DIELLIT-696x522-1-696x500-1-300x216.jpg 300w\" sizes=\"(max-width: 696px) 100vw, 696px\" \/><\/figure>\n\n\n\n<p>Temperatura m\u00eb e ftoht\u00eb sot n\u00eb m\u00ebngjes ka qen\u00eb n\u00eb Manastir, ku jan\u00eb matur -4 grad\u00eb, -2 n\u00eb Prilep dhe Kodr\u00ebn e Diellit.<\/p>\n\n\n\n<p>Pastaj -1 n\u00eb Lazaropole, 0 n\u00eb Tetov\u00eb, Demir Kapi, Strumic\u00eb, Shtip, Berov\u00eb, Kavadar, Krushev\u00eb dhe Mavrov\u00eb. 1 n\u00eb Shkup-Petrovec, Shkup-Zaj\u00e7ev Rid, Kriva Pallank\u00eb, Pretor, Vinic\u00eb, Veles dhe Dib\u00ebr, 2 n\u00eb Kumanov\u00eb, 3 n\u00eb Oh\u00ebr dhe Gjevgjeli.<\/p>\n\n\n\n<p>Trash\u00ebsia e bor\u00ebs n\u00eb or\u00ebn shtat\u00eb t\u00eb m\u00ebngjesit t\u00eb sot\u00ebm ka qen\u00eb 49 centimetra n\u00eb Kodr\u00ebn e Diellit, 40 n\u00eb Mavrov\u00eb, 22 n\u00eb Krushev\u00eb, 15 n\u00eb Manastir, 7 n\u00eb Tetov\u00eb, 5 n\u00eb Demir Kapi, Berov\u00eb, 4 n\u00eb Shtip, Lazaropole.<\/p>\n","protected":false},"excerpt":{"rendered":"<p>Temperatura m&euml; e ftoht&euml; sot n&euml; m&euml;ngjes ka qen&euml; n&euml; Manastir, ku jan&euml; matur -4 grad&euml;, -2 n&euml; Prilep dhe Kodr&euml;n e Diellit. Pastaj -1 n&euml; Lazaropole, 0 n&euml; Tetov&euml;, Demir Kapi, Strumic&euml;, Shtip, Berov&euml;, Kavadar, Krushev&euml; dhe Mavrov&euml;. 1 n&euml; Shkup-Petrovec, Shkup-Zaj&ccedil;ev Rid, Kriva Pallank&euml;, Pretor, Vinic&euml;, Veles dhe Dib&euml;r, 2 n&euml; Kumanov&euml;, 3 [&hellip;]<\/p>\n","protected":false},"author":2,"featured_media":40290,"comment_status":"open","ping_status":"closed","sticky":false,"template":"","format":"standard","meta":{"_monsterinsights_skip_tracking":false,"_monsterinsights_sitenote_active":false,"_monsterinsights_sitenote_note":"","_monsterinsights_sitenote_category":0,"footnotes":""},"categories":[1],"tags":[],"class_list":["post-40289","post","type-post","status-publish","format-standard","has-post-thumbnail","hentry","category-vendi"],"_links":{"self":[{"href":"https:\/\/radiojehona.mk\/index.php?rest_route=\/wp\/v2\/posts\/40289","targetHints":{"allow":["GET"]}}],"collection":[{"href":"https:\/\/radiojehona.mk\/index.php?rest_route=\/wp\/v2\/posts"}],"about":[{"href":"https:\/\/radiojehona.mk\/index.php?rest_route=\/wp\/v2\/types\/post"}],"author":[{"embeddable":true,"href":"https:\/\/radiojehona.mk\/index.php?rest_route=\/wp\/v2\/users\/2"}],"replies":[{"embeddable":true,"href":"https:\/\/radiojehona.mk\/index.php?rest_route=%2Fwp%2Fv2%2Fcomments&post=40289"}],"version-history":[{"count":1,"href":"https:\/\/radiojehona.mk\/index.php?rest_route=\/wp\/v2\/posts\/40289\/revisions"}],"predecessor-version":[{"id":40291,"href":"https:\/\/radiojehona.mk\/index.php?rest_route=\/wp\/v2\/posts\/40289\/revisions\/40291"}],"wp:featuredmedia":[{"embeddable":true,"href":"https:\/\/radiojehona.mk\/index.php?rest_route=\/wp\/v2\/media\/40290"}],"wp:attachment":[{"href":"https:\/\/radiojehona.mk\/index.php?rest_route=%2Fwp%2Fv2%2Fmedia&parent=40289"}],"wp:term":[{"taxonomy":"category","embeddable":true,"href":"https:\/\/radiojehona.mk\/index.php?rest_route=%2Fwp%2Fv2%2Fcategories&post=40289"},{"taxonomy":"post_tag","embeddable":true,"href":"https:\/\/radiojehona.mk\/index.php?rest_route=%2Fwp%2Fv2%2Ftags&post=40289"}],"curies":[{"name":"wp","href":"https:\/\/api.w.org\/{rel}","templated":true}]}}