{"id":40284,"date":"2025-01-20T16:54:16","date_gmt":"2025-01-20T16:54:16","guid":{"rendered":"https:\/\/radiojehona.com\/?p=40284"},"modified":"2025-01-20T16:54:17","modified_gmt":"2025-01-20T16:54:17","slug":"biden-fal-paraprakisht-kritiket-e-trumpit","status":"publish","type":"post","link":"https:\/\/radiojehona.mk\/?p=40284","title":{"rendered":"Biden fal paraprakisht kritik\u00ebt e Trumpit"},"content":{"rendered":"\n<figure class=\"wp-block-image size-large\"><img fetchpriority=\"high\" decoding=\"async\" width=\"1024\" height=\"448\" src=\"https:\/\/radiojehona.com\/wp-content\/uploads\/2025\/01\/71304373_1004-1024x448.webp\" alt=\"\" class=\"wp-image-40285\" srcset=\"https:\/\/radiojehona.mk\/wp-content\/uploads\/2025\/01\/71304373_1004-1024x448.webp 1024w, https:\/\/radiojehona.mk\/wp-content\/uploads\/2025\/01\/71304373_1004-300x131.webp 300w, https:\/\/radiojehona.mk\/wp-content\/uploads\/2025\/01\/71304373_1004-768x336.webp 768w, https:\/\/radiojehona.mk\/wp-content\/uploads\/2025\/01\/71304373_1004.webp 1200w\" sizes=\"(max-width: 1024px) 100vw, 1024px\" \/><\/figure>\n\n\n\n<p>Pak para se t\u00eb largohej&nbsp;nga Sht\u00ebpia e Bardh\u00eb, presidenti i SHBA&nbsp;<a href=\"https:\/\/www.dw.com\/sq\/joe-biden\/t-64692729\">Joe Biden<\/a>fali paraprakisht nj\u00eb num\u00ebr kund\u00ebrshtar\u00ebsh politik\u00eb t\u00eb pasuesit t\u00eb tij&nbsp;<a href=\"https:\/\/www.dw.com\/sq\/donald-trump\/t-65061151\">Donald Trump<\/a>. Faljet u b\u00ebn\u00eb p\u00ebr imunologun Anthony Fauci, gjeneralin n\u00eb pension Mark Milley dhe an\u00ebtar\u00ebt e Komitetit t\u00eb P\u00ebrzgjedhur t\u00eb Dhom\u00ebs s\u00eb P\u00ebrfaq\u00ebsuesve, q\u00eb hetuan sulmin n\u00eb Kapitol t\u00eb mb\u00ebshtet\u00ebsve t\u00eb dhunsh\u00ebm t\u00eb Trumpit, njoftoi Sht\u00ebpia e Bardh\u00eb.<\/p>\n\n\n\n<h2 class=\"wp-block-heading\"><strong>Mbrojtje nga &#8220;hetimet e pabaza\u201d<\/strong><\/h2>\n\n\n\n<p>Me k\u00ebto falje parandaluese, Biden d\u00ebshiron t\u00eb shmang\u00eb sh\u00ebnjestrimin e kritik\u00ebve t\u00eb Trumpit p\u00ebr hakmarrje n\u00ebn presidentin e ri. &#8220;Dh\u00ebnia e k\u00ebtyre faljeve nuk duhet t\u00eb keqinterpretohet si pranim i veprimeve t\u00eb gabuara,&#8221; tha Biden. &#8220;Kombi yn\u00eb i detyrohet mir\u00ebnjohje k\u00ebtyre n\u00ebpun\u00ebsve publik\u00eb p\u00ebr angazhimin e tyre t\u00eb pal\u00ebkundur ndaj vendit ton\u00eb.&#8221; Faljet synojn\u00eb t&#8217;i mbrojn\u00eb ata kund\u00ebr &#8220;hetimeve t\u00eb pabaza dhe t\u00eb motivuara politikisht\u201d, tha Bideni.<\/p>\n\n\n\n<figure class=\"wp-block-image is-resized\"><img decoding=\"async\" src=\"https:\/\/static.dw.com\/image\/71351380_900.jpg\" alt=\"2021 Biden dhe Fauci ne tryeze duke folur\" style=\"width:372px;height:auto\"\/><figcaption class=\"wp-element-caption\">2021 Biden dhe Fauci<small>Fotografi: Adam Schultz\/Avalon\/Photoshot\/picture alliance<\/small><\/figcaption><\/figure>\n\n\n\n<h2 class=\"wp-block-heading\"><strong>K\u00ebrc\u00ebnimi i Trumpit<\/strong><\/h2>\n\n\n\n<p>Trumpi<a href=\"https:\/\/www.dw.com\/sq\/shba-%C3%A7far%C3%AB-do-t%C3%AB-b%C3%ABj%C3%AB-fillimisht-trump-kur-t%C3%AB-b%C3%ABhet-president\/a-71292680\">kishte k\u00ebrc\u00ebnuar se<\/a>&nbsp;do t\u00eb nd\u00ebrmerrte veprime n\u00eb mandatin e tij t\u00eb dyt\u00eb kund\u00ebr atyre q\u00eb e sulmuan politikisht ose u p\u00ebrpoq\u00ebn ta b\u00ebnin p\u00ebrgjegj\u00ebs p\u00ebr rolin e tij n\u00eb sulmin ndaj Kapitolit&nbsp;<a href=\"https:\/\/www.dw.com\/sq\/shtetet-e-bashkuara-t%C3%AB-amerik%C3%ABs\/t-19222475\">t\u00eb SHBA<\/a>&nbsp;m\u00eb 6 janar 2021. Fauci ishte p\u00ebr gati 40 vjet drejtor i Institutit Komb\u00ebtar p\u00ebr S\u00ebmundjet Infektive t\u00eb SHBA, pjes\u00eb e autoritetit sh\u00ebndet\u00ebsor amerikan NIH, dhe ishte k\u00ebshilltari kryesor p\u00ebr mjek\u00ebsin\u00eb i Bidenit deri kur doli n\u00eb pension n\u00eb vitin 2022.<\/p>\n\n\n\n<p>Ai ndihmoi n\u00eb koordinimin e masave kund\u00ebr pandemis\u00eb s\u00eb koron\u00ebs dhe shkaktoi zem\u00ebrimin e Trumpit kur refuzoi t\u00eb mb\u00ebshteste pretendimet e tij t\u00eb paargumentuara. Ai u kthye n\u00eb sh\u00ebnjest\u00ebr t\u00eb urrejtjes dhe t\u00eb sulmeve nga e djathta, t\u00eb cil\u00ebt e faj\u00ebsuan p\u00ebr mbajtjen e detyrueshme t\u00eb maskave dhe masa t\u00eb tjera politike, q\u00eb sipas tyre shkelnin t\u00eb drejtat e tyre.<\/p>\n\n\n\n<p>Milley, ish-kryetari i Shtabit t\u00eb P\u00ebrgjithsh\u00ebm t\u00eb SHBA, e ka quajtur Trumpin fashist dhe e ka p\u00ebrshkruar me holl\u00ebsi sjelljen e Trumpit rreth kryengritjes s\u00eb 6 janarit 2021.<\/p>\n\n\n\n<h2 class=\"wp-block-heading\"><strong>Falje t\u00eb tjera t\u00eb Bidenit<\/strong><\/h2>\n\n\n\n<p>Gjithashtu dje, Biden fali pes\u00eb persona &#8211; nj\u00eb pas vdekjes, sipas Sht\u00ebpis\u00eb s\u00eb Bardh\u00eb. D\u00ebnimet e dy personave t\u00eb tjer\u00eb gjithashtu do t\u00eb ulen ndjesh\u00ebm. &#8220;K\u00ebta individ\u00eb t\u00eb falur kan\u00eb dh\u00ebn\u00eb secili kontribut t\u00eb r\u00ebnd\u00ebsish\u00ebm n\u00eb p\u00ebrmir\u00ebsimin e komuniteteve t\u00eb tyre\u201d, thuhet n\u00eb deklarat\u00eb. Asnj\u00eb nga t\u00eb falurit nuk ishte d\u00ebnuar p\u00ebr akt dhune. Personi q\u00eb u fal pas vdekjes ishte aktivisti me ngjyr\u00eb Marcus Garvey, i cili vdiq n\u00eb vitin 1940. Aktivisti me fam\u00eb bot\u00ebrore p\u00ebr t\u00eb drejtat civile, pas t\u00eb cilit \u00ebsht\u00eb em\u00ebruar nj\u00eb rrug\u00eb n\u00eb lagjen Brooklyn t\u00eb Nju Jorkut, u d\u00ebnua n\u00eb vitin 1923 p\u00ebr mashtrim me post\u00eb, kaloi gati tre vjet n\u00eb burg p\u00ebrpara se t\u00eb deportohej n\u00eb vendlindjen e tij Xhamajka. Edhe sot, gjykimi konsiderohet shum\u00eb i diskutuesh\u00ebm dhe shum\u00eb besojn\u00eb se ishte i motivuar politikisht.<\/p>\n\n\n\n<figure class=\"wp-block-image is-resized\"><img decoding=\"async\" src=\"https:\/\/static.dw.com\/image\/70149114_900.jpg\" alt=\" Hunter Biden duke hyre ne sallen e nje procesi gjyqesor\" style=\"width:523px;height:auto\"\/><figcaption class=\"wp-element-caption\">Hunter Biden<small>Fotografi: Jae C. Hong\/AP Photo\/picture alliance<\/small><\/figcaption><\/figure>\n\n\n\n<h2 class=\"wp-block-heading\"><strong>Kritika p\u00ebr faljen e djalit t\u00eb Bidenit, Hunter&nbsp;<\/strong><\/h2>\n\n\n\n<p>Q\u00eb m\u00eb par\u00eb, Bideni kishte b\u00ebr\u00eb nj\u00eb num\u00ebr t\u00eb konsideruesh\u00ebm faljesh. Ai ua konvertoi duksh\u00ebm ose uli d\u00ebnimet gati 2500 personave t\u00eb d\u00ebnuar p\u00ebr vepra jo t\u00eb dhunshme t\u00eb lidhura me drog\u00ebn. N\u00eb fillim t\u00eb dhjetorit,&nbsp;<a href=\"https:\/\/www.dw.com\/sq\/joe-biden-fal-djalin-e-tij-hunter\/a-70934353\">falja q\u00eb i b\u00ebri t\u00eb birit<\/a>, Hunter (54 vje\u00e7) shkaktoi kritika t\u00eb forta. Ai kishte pranuar faj\u00ebsin\u00eb p\u00ebr shkelje t\u00eb ligjit t\u00eb arm\u00ebmbajtjes, gjithashtu kishte pranuar faj\u00ebsin\u00eb n\u00eb nj\u00eb proces t\u00eb dyt\u00eb gjyq\u00ebsor p\u00ebr shkelje t\u00eb ndryshme tatimore.<\/p>\n\n\n\n<p>E drejta e faljes u lejon president\u00ebve t\u00eb SHBA t\u00eb ulin ose t\u00eb revokojn\u00eb plot\u00ebsisht d\u00ebnimet e personave t\u00eb d\u00ebnuar sipas ligjit federal, edhe pasi t\u00eb ken\u00eb vuajtur d\u00ebnimin. Kjo e drejt\u00eb shpesh synon t\u00eb heq\u00eb kufizimet ligjore t\u00eb vendosura ndaj ish-shkel\u00ebsve dhe t\u00eb nxis\u00eb rehabilitimin e tyre social. President\u00ebt e ushtrojn\u00eb k\u00ebt\u00eb t\u00eb drejt\u00eb ve\u00e7an\u00ebrisht shpesh n\u00eb fund t\u00eb mandatit t\u00eb tyre.<\/p>\n\n\n\n<p><em>tgs\/dlf<\/em><\/p>\n","protected":false},"excerpt":{"rendered":"<p>Pak para se t&euml; largohej&nbsp;nga Sht&euml;pia e Bardh&euml;, presidenti i SHBA&nbsp;Joe Bidenfali paraprakisht nj&euml; num&euml;r kund&euml;rshtar&euml;sh politik&euml; t&euml; pasuesit t&euml; tij&nbsp;Donald Trump. Faljet u b&euml;n&euml; p&euml;r imunologun Anthony Fauci, gjeneralin n&euml; pension Mark Milley dhe an&euml;tar&euml;t e Komitetit t&euml; P&euml;rzgjedhur t&euml; Dhom&euml;s s&euml; P&euml;rfaq&euml;suesve, q&euml; hetuan sulmin n&euml; Kapitol t&euml; mb&euml;shtet&euml;sve t&euml; dhunsh&euml;m t&euml; Trumpit, [&hellip;]<\/p>\n","protected":false},"author":2,"featured_media":40285,"comment_status":"open","ping_status":"closed","sticky":false,"template":"","format":"standard","meta":{"_monsterinsights_skip_tracking":false,"_monsterinsights_sitenote_active":false,"_monsterinsights_sitenote_note":"","_monsterinsights_sitenote_category":0,"footnotes":""},"categories":[569],"tags":[],"class_list":["post-40284","post","type-post","status-publish","format-standard","has-post-thumbnail","hentry","category-bota"],"_links":{"self":[{"href":"https:\/\/radiojehona.mk\/index.php?rest_route=\/wp\/v2\/posts\/40284","targetHints":{"allow":["GET"]}}],"collection":[{"href":"https:\/\/radiojehona.mk\/index.php?rest_route=\/wp\/v2\/posts"}],"about":[{"href":"https:\/\/radiojehona.mk\/index.php?rest_route=\/wp\/v2\/types\/post"}],"author":[{"embeddable":true,"href":"https:\/\/radiojehona.mk\/index.php?rest_route=\/wp\/v2\/users\/2"}],"replies":[{"embeddable":true,"href":"https:\/\/radiojehona.mk\/index.php?rest_route=%2Fwp%2Fv2%2Fcomments&post=40284"}],"version-history":[{"count":2,"href":"https:\/\/radiojehona.mk\/index.php?rest_route=\/wp\/v2\/posts\/40284\/revisions"}],"predecessor-version":[{"id":40287,"href":"https:\/\/radiojehona.mk\/index.php?rest_route=\/wp\/v2\/posts\/40284\/revisions\/40287"}],"wp:featuredmedia":[{"embeddable":true,"href":"https:\/\/radiojehona.mk\/index.php?rest_route=\/wp\/v2\/media\/40285"}],"wp:attachment":[{"href":"https:\/\/radiojehona.mk\/index.php?rest_route=%2Fwp%2Fv2%2Fmedia&parent=40284"}],"wp:term":[{"taxonomy":"category","embeddable":true,"href":"https:\/\/radiojehona.mk\/index.php?rest_route=%2Fwp%2Fv2%2Fcategories&post=40284"},{"taxonomy":"post_tag","embeddable":true,"href":"https:\/\/radiojehona.mk\/index.php?rest_route=%2Fwp%2Fv2%2Ftags&post=40284"}],"curies":[{"name":"wp","href":"https:\/\/api.w.org\/{rel}","templated":true}]}}