{"id":40280,"date":"2025-01-20T16:52:57","date_gmt":"2025-01-20T16:52:57","guid":{"rendered":"https:\/\/radiojehona.com\/?p=40280"},"modified":"2025-01-20T16:52:57","modified_gmt":"2025-01-20T16:52:57","slug":"biden-largohet-perfundimisht-nga-shtepia-e-bardhe-ja-cfare-shkroi-ne-letren-qe-i-la-trumpit","status":"publish","type":"post","link":"https:\/\/radiojehona.mk\/?p=40280","title":{"rendered":"Biden largohet p\u00ebrfundimisht nga Sht\u00ebpia e Bardh\u00eb, ja \u00e7far\u00eb shkroi n\u00eb letr\u00ebn q\u00eb i la Trumpit"},"content":{"rendered":"\n<figure class=\"wp-block-image size-large\"><img fetchpriority=\"high\" decoding=\"async\" width=\"1024\" height=\"576\" src=\"https:\/\/radiojehona.com\/wp-content\/uploads\/2025\/01\/c6288c38-26df-4474-98bd-33c121b3111f_hd-1024x576.webp\" alt=\"\" class=\"wp-image-40281\" srcset=\"https:\/\/radiojehona.mk\/wp-content\/uploads\/2025\/01\/c6288c38-26df-4474-98bd-33c121b3111f_hd-1024x576.webp 1024w, https:\/\/radiojehona.mk\/wp-content\/uploads\/2025\/01\/c6288c38-26df-4474-98bd-33c121b3111f_hd-300x169.webp 300w, https:\/\/radiojehona.mk\/wp-content\/uploads\/2025\/01\/c6288c38-26df-4474-98bd-33c121b3111f_hd-768x432.webp 768w, https:\/\/radiojehona.mk\/wp-content\/uploads\/2025\/01\/c6288c38-26df-4474-98bd-33c121b3111f_hd-1536x864.webp 1536w, https:\/\/radiojehona.mk\/wp-content\/uploads\/2025\/01\/c6288c38-26df-4474-98bd-33c121b3111f_hd-1280x720.webp 1280w, https:\/\/radiojehona.mk\/wp-content\/uploads\/2025\/01\/c6288c38-26df-4474-98bd-33c121b3111f_hd-800x450.webp 800w, https:\/\/radiojehona.mk\/wp-content\/uploads\/2025\/01\/c6288c38-26df-4474-98bd-33c121b3111f_hd.webp 1920w\" sizes=\"(max-width: 1024px) 100vw, 1024px\" \/><\/figure>\n\n\n\n<p>Joe Biden la p\u00ebrfundimisht Sht\u00ebpin\u00eb e Bardh\u00eb duke i l\u00ebn\u00eb vendin presidentit t\u00eb zgjedhur Donald Trump.<\/p>\n\n\n\n<p>Teksa Biden u largua nga Sht\u00ebpia e Bardhe drejt Kapitolit p\u00ebr inaugurimin e Trump ai tha se kishte l\u00ebn\u00eb nj\u00eb let\u00ebr p\u00ebr pasardh\u00ebsin e tij duke respektuar tradit\u00ebn qindra vje\u00e7are.<\/p>\n\n\n\n<p>I pyetur nga gazetar\u00ebt jasht\u00eb Sht\u00ebpis\u00eb s\u00eb Bardh\u00eb se \u00e7far\u00eb kish\u00eb shkruar n\u00eb let\u00ebr Biden tha: \u201cKjo \u00ebsht\u00eb mes meje dhe Trump\u201d.<\/p>\n\n\n\n<p>Megjith\u00ebse Trump nuk i\u2019u p\u00ebrmbajt traditave t\u00eb nd\u00ebrrimit t\u00eb presidenc\u00ebs n\u00eb vitin 2021, ai i\u2019u p\u00ebrmbajt asaj t\u00eb l\u00ebnies s\u00eb letr\u00ebs p\u00ebr presidentin pasardh\u00ebs.<\/p>\n\n\n\n<p>Asokohe, Biden i p\u00ebrshkroi fjal\u00ebt e letr\u00ebs s\u00eb Trump si \u201cshum\u00eb bujare\u201d.<\/p>\n\n\n\n<p><strong>Top Channel<\/strong><\/p>\n","protected":false},"excerpt":{"rendered":"<p>Joe Biden la p&euml;rfundimisht Sht&euml;pin&euml; e Bardh&euml; duke i l&euml;n&euml; vendin presidentit t&euml; zgjedhur Donald Trump. Teksa Biden u largua nga Sht&euml;pia e Bardhe drejt Kapitolit p&euml;r inaugurimin e Trump ai tha se kishte l&euml;n&euml; nj&euml; let&euml;r p&euml;r pasardh&euml;sin e tij duke respektuar tradit&euml;n qindra vje&ccedil;are. I pyetur nga gazetar&euml;t jasht&euml; Sht&euml;pis&euml; s&euml; Bardh&euml; se [&hellip;]<\/p>\n","protected":false},"author":2,"featured_media":40281,"comment_status":"open","ping_status":"closed","sticky":false,"template":"","format":"standard","meta":{"_monsterinsights_skip_tracking":false,"_monsterinsights_sitenote_active":false,"_monsterinsights_sitenote_note":"","_monsterinsights_sitenote_category":0,"footnotes":""},"categories":[569],"tags":[],"class_list":["post-40280","post","type-post","status-publish","format-standard","has-post-thumbnail","hentry","category-bota"],"_links":{"self":[{"href":"https:\/\/radiojehona.mk\/index.php?rest_route=\/wp\/v2\/posts\/40280","targetHints":{"allow":["GET"]}}],"collection":[{"href":"https:\/\/radiojehona.mk\/index.php?rest_route=\/wp\/v2\/posts"}],"about":[{"href":"https:\/\/radiojehona.mk\/index.php?rest_route=\/wp\/v2\/types\/post"}],"author":[{"embeddable":true,"href":"https:\/\/radiojehona.mk\/index.php?rest_route=\/wp\/v2\/users\/2"}],"replies":[{"embeddable":true,"href":"https:\/\/radiojehona.mk\/index.php?rest_route=%2Fwp%2Fv2%2Fcomments&post=40280"}],"version-history":[{"count":2,"href":"https:\/\/radiojehona.mk\/index.php?rest_route=\/wp\/v2\/posts\/40280\/revisions"}],"predecessor-version":[{"id":40283,"href":"https:\/\/radiojehona.mk\/index.php?rest_route=\/wp\/v2\/posts\/40280\/revisions\/40283"}],"wp:featuredmedia":[{"embeddable":true,"href":"https:\/\/radiojehona.mk\/index.php?rest_route=\/wp\/v2\/media\/40281"}],"wp:attachment":[{"href":"https:\/\/radiojehona.mk\/index.php?rest_route=%2Fwp%2Fv2%2Fmedia&parent=40280"}],"wp:term":[{"taxonomy":"category","embeddable":true,"href":"https:\/\/radiojehona.mk\/index.php?rest_route=%2Fwp%2Fv2%2Fcategories&post=40280"},{"taxonomy":"post_tag","embeddable":true,"href":"https:\/\/radiojehona.mk\/index.php?rest_route=%2Fwp%2Fv2%2Ftags&post=40280"}],"curies":[{"name":"wp","href":"https:\/\/api.w.org\/{rel}","templated":true}]}}