{"id":40273,"date":"2025-01-20T16:49:34","date_gmt":"2025-01-20T16:49:34","guid":{"rendered":"https:\/\/radiojehona.com\/?p=40273"},"modified":"2025-01-20T16:49:34","modified_gmt":"2025-01-20T16:49:34","slug":"maqedoni-priten-rritje-te-rasteve-te-gripi-posacerisht-ne-mes-te-muajit-shkurt","status":"publish","type":"post","link":"https:\/\/radiojehona.mk\/?p=40273","title":{"rendered":"Maqedoni, priten rritje t\u00eb rasteve t\u00eb gripi, posa\u00e7\u00ebrisht n\u00eb mes t\u00eb muajit shkurt"},"content":{"rendered":"\n<figure class=\"wp-block-image size-full\"><img fetchpriority=\"high\" decoding=\"async\" width=\"780\" height=\"439\" src=\"https:\/\/radiojehona.com\/wp-content\/uploads\/2025\/01\/gripi-780x439-MJEKSI.jpg\" alt=\"\" class=\"wp-image-40274\" srcset=\"https:\/\/radiojehona.mk\/wp-content\/uploads\/2025\/01\/gripi-780x439-MJEKSI.jpg 780w, https:\/\/radiojehona.mk\/wp-content\/uploads\/2025\/01\/gripi-780x439-MJEKSI-300x169.jpg 300w, https:\/\/radiojehona.mk\/wp-content\/uploads\/2025\/01\/gripi-780x439-MJEKSI-768x432.jpg 768w\" sizes=\"(max-width: 780px) 100vw, 780px\" \/><\/figure>\n\n\n\n<p>Autoritetet presin rritje t\u00eb rasteve me grip, nd\u00ebrsa kulmi pritet n\u00eb mes t\u00eb shkurtit. Fillimi i gjysm\u00ebvjetorit t\u00eb dyt\u00eb p\u00ebr nx\u00ebn\u00ebsit dhe shoq\u00ebrimi i personave n\u00eb ambiente t\u00eb mbyllura p\u00ebr shkak t\u00eb temperaturave t\u00eb ul\u00ebta jan\u00eb disa nga faktor\u00ebt q\u00eb kan\u00eb ndikuar n\u00eb rritjen e rasteve gjat\u00eb k\u00ebsaj periudhe.<\/p>\n\n\n\n<p>\u201c\u00c7do vit rritet numri i t\u00eb infektuarve me grip deri n\u00eb mes t\u00eb shkurtit, kur pritet kulmi. K\u00ebshtu \u00ebsht\u00eb prej vitesh. Kulmi \u00ebsht\u00eb n\u00eb gjysm\u00ebn e dyt\u00eb t\u00eb shkurtit. Shifrat do t\u00eb vazhdojn\u00eb t\u00eb rriten, por n\u00eb krahasim me vitet e kaluara nuk ka asnj\u00eb ndryshim n\u00eb krahasim me at\u00eb se si \u00ebsht\u00eb tani. Madje n\u00ebse e krahasojm\u00eb me vitin e kaluar, k\u00ebt\u00eb vit situata me personat e prekur nga gripi \u00ebsht\u00eb disi m\u00eb e mir\u00eb. Fakti q\u00eb do t\u00eb rritet numri i t\u00eb infektuarve nuk varet vet\u00ebm nga shkollat, e till\u00eb \u00ebsht\u00eb dinamika e rritjes s\u00eb numrit t\u00eb t\u00eb s\u00ebmur\u00ebve me grip, sqaroi p\u00ebr MIA-n, z\u00ebdh\u00ebn\u00ebsi i Komisionit p\u00ebr S\u00ebmundje Infektive, Zllate Mehmedoviq.<\/p>\n\n\n\n<p>Mehmedoviq rekomandon q\u00eb f\u00ebmij\u00ebt q\u00eb tashm\u00eb kan\u00eb shfaqur simptoma t\u00eb ngjashme me gripin t\u00eb izolohen dhe t\u00eb mos shkojn\u00eb n\u00eb shkoll\u00eb.<\/p>\n\n\n\n<p>Sipas raportit t\u00eb fundit t\u00eb Institutit t\u00eb Sh\u00ebndetit Publik, nga data 6 deri m\u00eb 12 janar jan\u00eb raportuar 1053 raste t\u00eb raportimeve n\u00eb grup t\u00eb personave t\u00eb prekur nga gripi dhe s\u00ebmundje t\u00eb ngjashme, ose 3,2 her\u00eb m\u00eb shum\u00eb krahasuar me jav\u00ebn e kaluar.<\/p>\n\n\n\n<p>\u201cVaksinimi kund\u00ebr gripit sezonal \u00ebsht\u00eb mbrojtja m\u00eb efektive kund\u00ebr k\u00ebsaj s\u00ebmundjeje. Instituti i Sh\u00ebndetit Publik rekomandon vaksinimin e t\u00eb gjith\u00eb popullsis\u00eb, ve\u00e7an\u00ebrisht t\u00eb personave q\u00eb i p\u00ebrkasin t\u00eb ashtuquajturave grupe t\u00eb rrezikut sipas rekomandimeve t\u00eb OBSH-s\u00eb: personat mbi 65 vje\u00e7, f\u00ebmij\u00ebt nga gjasht\u00eb deri n\u00eb 59 muaj, personat mbi gjasht\u00eb muaj me s\u00ebmundje kronike, grat\u00eb shtatz\u00ebna dhe punonj\u00ebsit sh\u00ebndet\u00ebsor\u201d, n\u00ebnvizojn\u00eb nga Instituti.<\/p>\n\n\n\n<p>Deri n\u00eb jav\u00ebn e dyt\u00eb t\u00eb vitit 2025, n\u00eb vend jan\u00eb vaksinuar gjithsej 72,318 persona me vaksin\u00eb falas ose komerciale kund\u00ebr gripit.<\/p>\n","protected":false},"excerpt":{"rendered":"<p>Autoritetet presin rritje t&euml; rasteve me grip, nd&euml;rsa kulmi pritet n&euml; mes t&euml; shkurtit. Fillimi i gjysm&euml;vjetorit t&euml; dyt&euml; p&euml;r nx&euml;n&euml;sit dhe shoq&euml;rimi i personave n&euml; ambiente t&euml; mbyllura p&euml;r shkak t&euml; temperaturave t&euml; ul&euml;ta jan&euml; disa nga faktor&euml;t q&euml; kan&euml; ndikuar n&euml; rritjen e rasteve gjat&euml; k&euml;saj periudhe. &ldquo;&Ccedil;do vit rritet numri i t&euml; [&hellip;]<\/p>\n","protected":false},"author":2,"featured_media":40274,"comment_status":"open","ping_status":"closed","sticky":false,"template":"","format":"standard","meta":{"_monsterinsights_skip_tracking":false,"_monsterinsights_sitenote_active":false,"_monsterinsights_sitenote_note":"","_monsterinsights_sitenote_category":0,"footnotes":""},"categories":[1],"tags":[],"class_list":["post-40273","post","type-post","status-publish","format-standard","has-post-thumbnail","hentry","category-vendi"],"_links":{"self":[{"href":"https:\/\/radiojehona.mk\/index.php?rest_route=\/wp\/v2\/posts\/40273","targetHints":{"allow":["GET"]}}],"collection":[{"href":"https:\/\/radiojehona.mk\/index.php?rest_route=\/wp\/v2\/posts"}],"about":[{"href":"https:\/\/radiojehona.mk\/index.php?rest_route=\/wp\/v2\/types\/post"}],"author":[{"embeddable":true,"href":"https:\/\/radiojehona.mk\/index.php?rest_route=\/wp\/v2\/users\/2"}],"replies":[{"embeddable":true,"href":"https:\/\/radiojehona.mk\/index.php?rest_route=%2Fwp%2Fv2%2Fcomments&post=40273"}],"version-history":[{"count":2,"href":"https:\/\/radiojehona.mk\/index.php?rest_route=\/wp\/v2\/posts\/40273\/revisions"}],"predecessor-version":[{"id":40276,"href":"https:\/\/radiojehona.mk\/index.php?rest_route=\/wp\/v2\/posts\/40273\/revisions\/40276"}],"wp:featuredmedia":[{"embeddable":true,"href":"https:\/\/radiojehona.mk\/index.php?rest_route=\/wp\/v2\/media\/40274"}],"wp:attachment":[{"href":"https:\/\/radiojehona.mk\/index.php?rest_route=%2Fwp%2Fv2%2Fmedia&parent=40273"}],"wp:term":[{"taxonomy":"category","embeddable":true,"href":"https:\/\/radiojehona.mk\/index.php?rest_route=%2Fwp%2Fv2%2Fcategories&post=40273"},{"taxonomy":"post_tag","embeddable":true,"href":"https:\/\/radiojehona.mk\/index.php?rest_route=%2Fwp%2Fv2%2Ftags&post=40273"}],"curies":[{"name":"wp","href":"https:\/\/api.w.org\/{rel}","templated":true}]}}