{"id":40269,"date":"2025-01-20T16:47:02","date_gmt":"2025-01-20T16:47:02","guid":{"rendered":"https:\/\/radiojehona.com\/?p=40269"},"modified":"2025-01-20T16:47:02","modified_gmt":"2025-01-20T16:47:02","slug":"taravari-ne-mesin-e-lidereve-boteror-ne-inaugurimin-e-presidentit-trump","status":"publish","type":"post","link":"https:\/\/radiojehona.mk\/?p=40269","title":{"rendered":"Taravari n\u00eb mesin e lider\u00ebve bot\u00ebror n\u00eb inaugurimin e Presidentit Trump"},"content":{"rendered":"\n<figure class=\"wp-block-image size-large\"><img fetchpriority=\"high\" decoding=\"async\" width=\"629\" height=\"1024\" src=\"https:\/\/radiojehona.com\/wp-content\/uploads\/2025\/01\/IMG_7069-629x1024.jpeg\" alt=\"\" class=\"wp-image-40270\" srcset=\"https:\/\/radiojehona.mk\/wp-content\/uploads\/2025\/01\/IMG_7069-629x1024.jpeg 629w, https:\/\/radiojehona.mk\/wp-content\/uploads\/2025\/01\/IMG_7069-184x300.jpeg 184w, https:\/\/radiojehona.mk\/wp-content\/uploads\/2025\/01\/IMG_7069-768x1251.jpeg 768w, https:\/\/radiojehona.mk\/wp-content\/uploads\/2025\/01\/IMG_7069.jpeg 834w\" sizes=\"(max-width: 629px) 100vw, 629px\" \/><\/figure>\n\n\n\n<p>Kryetari i ASH-s\u00eb dhe nj\u00ebri nga lider\u00ebt e VLEN-it, Arben Taravari po q\u00ebndron n\u00eb Uashington n\u00eb inaugurimin e presidentit Donald Trump. Ai ka shkruar se lider\u00ebt m\u00eb t\u00eb m\u00ebdhenj n\u00eb bot\u00eb jan\u00eb mbledhur duke b\u00ebr\u00eb bot\u00ebn nj\u00eb familje m\u00eb t\u00eb madhe. \u201cN\u00eb Washington ka filluar m\u00ebngjesi i Inaugurimit m\u00eb t\u00eb r\u00ebnd\u00ebsish\u00ebm t\u00eb bot\u00ebs. Lider\u00ebt m\u00eb t\u00eb m\u00ebdhenj bot\u00ebror\u00eb jan\u00eb mbledhur k\u00ebtu duke e b\u00ebr\u00eb Bot\u00ebn nj\u00eb familje m\u00eb t\u00eb madhe\u201d, shkruan Taravari nga Uashingtoni.<\/p>\n","protected":false},"excerpt":{"rendered":"<p>Kryetari i ASH-s&euml; dhe nj&euml;ri nga lider&euml;t e VLEN-it, Arben Taravari po q&euml;ndron n&euml; Uashington n&euml; inaugurimin e presidentit Donald Trump. Ai ka shkruar se lider&euml;t m&euml; t&euml; m&euml;dhenj n&euml; bot&euml; jan&euml; mbledhur duke b&euml;r&euml; bot&euml;n nj&euml; familje m&euml; t&euml; madhe. &ldquo;N&euml; Washington ka filluar m&euml;ngjesi i Inaugurimit m&euml; t&euml; r&euml;nd&euml;sish&euml;m t&euml; bot&euml;s. Lider&euml;t m&euml; [&hellip;]<\/p>\n","protected":false},"author":2,"featured_media":40270,"comment_status":"open","ping_status":"closed","sticky":false,"template":"","format":"standard","meta":{"_monsterinsights_skip_tracking":false,"_monsterinsights_sitenote_active":false,"_monsterinsights_sitenote_note":"","_monsterinsights_sitenote_category":0,"footnotes":""},"categories":[1],"tags":[],"class_list":["post-40269","post","type-post","status-publish","format-standard","has-post-thumbnail","hentry","category-vendi"],"_links":{"self":[{"href":"https:\/\/radiojehona.mk\/index.php?rest_route=\/wp\/v2\/posts\/40269","targetHints":{"allow":["GET"]}}],"collection":[{"href":"https:\/\/radiojehona.mk\/index.php?rest_route=\/wp\/v2\/posts"}],"about":[{"href":"https:\/\/radiojehona.mk\/index.php?rest_route=\/wp\/v2\/types\/post"}],"author":[{"embeddable":true,"href":"https:\/\/radiojehona.mk\/index.php?rest_route=\/wp\/v2\/users\/2"}],"replies":[{"embeddable":true,"href":"https:\/\/radiojehona.mk\/index.php?rest_route=%2Fwp%2Fv2%2Fcomments&post=40269"}],"version-history":[{"count":2,"href":"https:\/\/radiojehona.mk\/index.php?rest_route=\/wp\/v2\/posts\/40269\/revisions"}],"predecessor-version":[{"id":40272,"href":"https:\/\/radiojehona.mk\/index.php?rest_route=\/wp\/v2\/posts\/40269\/revisions\/40272"}],"wp:featuredmedia":[{"embeddable":true,"href":"https:\/\/radiojehona.mk\/index.php?rest_route=\/wp\/v2\/media\/40270"}],"wp:attachment":[{"href":"https:\/\/radiojehona.mk\/index.php?rest_route=%2Fwp%2Fv2%2Fmedia&parent=40269"}],"wp:term":[{"taxonomy":"category","embeddable":true,"href":"https:\/\/radiojehona.mk\/index.php?rest_route=%2Fwp%2Fv2%2Fcategories&post=40269"},{"taxonomy":"post_tag","embeddable":true,"href":"https:\/\/radiojehona.mk\/index.php?rest_route=%2Fwp%2Fv2%2Ftags&post=40269"}],"curies":[{"name":"wp","href":"https:\/\/api.w.org\/{rel}","templated":true}]}}