{"id":40266,"date":"2025-01-20T16:46:19","date_gmt":"2025-01-20T16:46:19","guid":{"rendered":"https:\/\/radiojehona.com\/?p=40266"},"modified":"2025-01-20T16:46:19","modified_gmt":"2025-01-20T16:46:19","slug":"konkursi-renie-e-dukshme-e-interesimit-per-police","status":"publish","type":"post","link":"https:\/\/radiojehona.mk\/?p=40266","title":{"rendered":"\u201cKonkursi\u201d, r\u00ebnie e dukshme e interesimit p\u00ebr polic\u00eb"},"content":{"rendered":"\n<figure class=\"wp-block-image size-full\"><img fetchpriority=\"high\" decoding=\"async\" width=\"630\" height=\"420\" src=\"https:\/\/radiojehona.com\/wp-content\/uploads\/2025\/01\/policajci.jpg\" alt=\"\" class=\"wp-image-40267\" srcset=\"https:\/\/radiojehona.mk\/wp-content\/uploads\/2025\/01\/policajci.jpg 630w, https:\/\/radiojehona.mk\/wp-content\/uploads\/2025\/01\/policajci-300x200.jpg 300w\" sizes=\"(max-width: 630px) 100vw, 630px\" \/><\/figure>\n\n\n\n<p>Rreth 1200 persona jan\u00eb paraqitur n\u00eb konkursin e dhjetorit p\u00ebr pun\u00ebsimin e 600 polic\u00ebve t\u00eb rinj, theksojn\u00eb p\u00ebr Alsat nga Ministria e Pun\u00ebve t\u00eb Brendshme, nd\u00ebrkaq vijon procesi i seleksionimit. Sipas shpalljes, gjysma e kandidat\u00ebve t\u00eb zgjedhur do t\u00eb pun\u00ebsohen n\u00eb Shkup, nd\u00ebrkaq t\u00eb tjer\u00ebt n\u00ebp\u00ebr sektor\u00ebt p\u00ebr pun\u00eb t\u00eb brendshme n\u00eb mbar\u00eb vendin.<\/p>\n\n\n\n<p>T\u00eb dh\u00ebnat e siguruara nga Alsat tregojn\u00eb se p\u00ebr 10 vitet e fundit vazhdimisht ka r\u00ebnie t\u00eb interesimit p\u00ebr tu b\u00ebr\u00eb polic.<\/p>\n\n\n\n<p>N\u00ebse dikur p\u00ebr nj\u00eb vend n\u00eb polici kishin konkurruar 10 persona, me konkursin e fundit p\u00ebr nj\u00eb pozit\u00eb luftojn\u00eb vet\u00ebm 2.<\/p>\n\n\n\n<p>Konkursi, po zhvillohet n\u00eb munges\u00eb t\u00eb nj\u00eb mekanizmi ligjor p\u00ebr sigurimin e p\u00ebrfaq\u00ebsimit t\u00eb drejt\u00eb dhe adekuat, pasi Gjykata Kushtetuese n\u00eb tetor t\u00eb vitit t\u00eb kaluar e shfuqizoi balancuesin, gjegj\u00ebsisht ndaloi pun\u00ebsimet n\u00eb baz\u00eb t\u00eb p\u00ebrkat\u00ebsis\u00eb etnike. Ministri i Pun\u00ebve t\u00eb Brendshme, Pan\u00e7e Toshkovski, paraprakisht p\u00ebr Alsat theksoi se pavar\u00ebsisht k\u00ebtij fakti, do t\u00eb respektohet p\u00ebrfaq\u00ebsimi i drejt\u00eb dhe adekuat.<\/p>\n\n\n\n<p>\u201cJan\u00eb t\u00eb mir\u00ebseardhur n\u00eb Ministrin\u00eb e Pun\u00ebve t\u00eb Brendshme t\u00eb gjith\u00eb ata q\u00eb e duan Maqedonin\u00eb dhe t\u00eb cil\u00ebt jan\u00eb t\u00eb gatsh\u00ebm ta japin jet\u00ebn p\u00ebr sigurin\u00eb e qytetar\u00ebve t\u00eb tyre, p\u00ebr familjet e tyre. Profesionist\u00eb kemi, profesionist\u00eb do t\u00eb nd\u00ebrtojm\u00eb n\u00eb t\u00eb ardhmen. Po, n\u00eb kuad\u00ebr t\u00eb Ministris\u00eb s\u00eb Pun\u00ebve t\u00eb Brendshme punojn\u00eb profesionist\u00eb edhe maqedonas, edhe shqiptar\u00eb, edhe turq edhe vlleh, rom\u00eb serb\u00eb, boshnjak\u00eb\u2026\u201d, deklalroi Pan\u00e7e Toshkovski, minist\u00ebr i Pun\u00ebve t\u00eb Brendshme.<\/p>\n\n\n\n<p>Kandidat\u00ebt n\u00eb procesin e seleksionimit, krahas kushteve t\u00eb p\u00ebrgjithshme, duhet t\u00eb ken\u00eb aft\u00ebsi sh\u00ebndet\u00ebsore dhe psikofizike.<\/p>\n\n\n\n<p>Procedura e seleksionimit t\u00eb kandidat\u00ebve zbatohet nga ana e Komisionit p\u00ebr zgjedhje t\u00eb kandidat\u00ebve p\u00ebr polic i formuar nga ana e ministrit i cili e p\u00ebrcakton sekuenc\u00ebn e fazave t\u00eb seleksionimit. Fillimisht b\u00ebhet seleksionimi administrativ, pastaj vijohet me testimin e aft\u00ebsive motorike ku b\u00ebhet kontrolli i gatishm\u00ebris\u00eb fizike t\u00eb kandidatit. Kandidat\u00ebt m\u00eb pas u n\u00ebnshtrohen testimit psikologji dhe testimit t\u00eb p\u00ebrgjithsh\u00ebm arsimor. N\u00ebse kalon k\u00ebto faza, kandidati ftohet p\u00ebr intervist\u00eb, gjegj\u00ebsisht bised\u00eb individuale, pas \u00e7ka kryhen kontrollet e siguris\u00eb dhe b\u00ebhen kontrollet sh\u00ebndet\u00ebsore.<\/p>\n\n\n\n<p>N\u00ebse kandidati me sukses i kalon k\u00ebto faza, at\u00ebher\u00eb lidh marr\u00ebveshje p\u00ebr trajnimin baz\u00eb p\u00ebr polic n\u00eb afat prej nj\u00eb viti, i cili realizohet n\u00eb Qendr\u00ebn p\u00ebr Trajnim t\u00eb MPB-s\u00eb. Pas p\u00ebrfundimit t\u00eb trajnimit baz\u00eb, kandidati lidh marr\u00ebveshje dhe fiton statusin \u201cpolic-praktikant\u201d. Polici i ri, detyrohet q\u00eb s\u00eb paku t\u00eb mbetet n\u00eb pun\u00eb pes\u00eb vjet, n\u00eb t\u00eb kund\u00ebrt\u00ebn duhet t\u2019i kompensoj\u00eb p\u00ebr trefish shpenzimet p\u00ebr trajnim.<\/p>\n\n\n\n<p>Nga Ministria e Pun\u00ebve t\u00eb Brendshme, paralajm\u00ebrojn\u00eb se t\u00eb shtun\u00ebn do t\u00eb b\u00ebhet promovimi i polic\u00ebve t\u00eb rinj, t\u00eb cil\u00ebt jan\u00eb zgjedhur nga konkursi paraprak. \/<strong>Alsat.mk<\/strong><\/p>\n","protected":false},"excerpt":{"rendered":"<p>Rreth 1200 persona jan&euml; paraqitur n&euml; konkursin e dhjetorit p&euml;r pun&euml;simin e 600 polic&euml;ve t&euml; rinj, theksojn&euml; p&euml;r Alsat nga Ministria e Pun&euml;ve t&euml; Brendshme, nd&euml;rkaq vijon procesi i seleksionimit. Sipas shpalljes, gjysma e kandidat&euml;ve t&euml; zgjedhur do t&euml; pun&euml;sohen n&euml; Shkup, nd&euml;rkaq t&euml; tjer&euml;t n&euml;p&euml;r sektor&euml;t p&euml;r pun&euml; t&euml; brendshme n&euml; mbar&euml; vendin. T&euml; [&hellip;]<\/p>\n","protected":false},"author":2,"featured_media":40267,"comment_status":"open","ping_status":"closed","sticky":false,"template":"","format":"standard","meta":{"_monsterinsights_skip_tracking":false,"_monsterinsights_sitenote_active":false,"_monsterinsights_sitenote_note":"","_monsterinsights_sitenote_category":0,"footnotes":""},"categories":[1],"tags":[],"class_list":["post-40266","post","type-post","status-publish","format-standard","has-post-thumbnail","hentry","category-vendi"],"_links":{"self":[{"href":"https:\/\/radiojehona.mk\/index.php?rest_route=\/wp\/v2\/posts\/40266","targetHints":{"allow":["GET"]}}],"collection":[{"href":"https:\/\/radiojehona.mk\/index.php?rest_route=\/wp\/v2\/posts"}],"about":[{"href":"https:\/\/radiojehona.mk\/index.php?rest_route=\/wp\/v2\/types\/post"}],"author":[{"embeddable":true,"href":"https:\/\/radiojehona.mk\/index.php?rest_route=\/wp\/v2\/users\/2"}],"replies":[{"embeddable":true,"href":"https:\/\/radiojehona.mk\/index.php?rest_route=%2Fwp%2Fv2%2Fcomments&post=40266"}],"version-history":[{"count":1,"href":"https:\/\/radiojehona.mk\/index.php?rest_route=\/wp\/v2\/posts\/40266\/revisions"}],"predecessor-version":[{"id":40268,"href":"https:\/\/radiojehona.mk\/index.php?rest_route=\/wp\/v2\/posts\/40266\/revisions\/40268"}],"wp:featuredmedia":[{"embeddable":true,"href":"https:\/\/radiojehona.mk\/index.php?rest_route=\/wp\/v2\/media\/40267"}],"wp:attachment":[{"href":"https:\/\/radiojehona.mk\/index.php?rest_route=%2Fwp%2Fv2%2Fmedia&parent=40266"}],"wp:term":[{"taxonomy":"category","embeddable":true,"href":"https:\/\/radiojehona.mk\/index.php?rest_route=%2Fwp%2Fv2%2Fcategories&post=40266"},{"taxonomy":"post_tag","embeddable":true,"href":"https:\/\/radiojehona.mk\/index.php?rest_route=%2Fwp%2Fv2%2Ftags&post=40266"}],"curies":[{"name":"wp","href":"https:\/\/api.w.org\/{rel}","templated":true}]}}