{"id":40262,"date":"2025-01-20T16:44:51","date_gmt":"2025-01-20T16:44:51","guid":{"rendered":"https:\/\/radiojehona.com\/?p=40262"},"modified":"2025-01-20T16:44:51","modified_gmt":"2025-01-20T16:44:51","slug":"gjykimi-per-vrasjen-e-vanja-gjorcevskes-dhe-pance-zhezhovskit-vazhdon-me-27-janar","status":"publish","type":"post","link":"https:\/\/radiojehona.mk\/?p=40262","title":{"rendered":"Gjykimi p\u00ebr vrasjen e Vanja Gjor\u00e7evsk\u00ebs dhe Pan\u00e7e Zhezhovskit vazhdon m\u00eb 27 janar"},"content":{"rendered":"\n<figure class=\"wp-block-image size-full\"><img fetchpriority=\"high\" decoding=\"async\" width=\"850\" height=\"478\" src=\"https:\/\/radiojehona.com\/wp-content\/uploads\/2025\/01\/auto_ljupco-palevski-palco-780x4391737389915-1.png\" alt=\"\" class=\"wp-image-40263\" srcset=\"https:\/\/radiojehona.mk\/wp-content\/uploads\/2025\/01\/auto_ljupco-palevski-palco-780x4391737389915-1.png 850w, https:\/\/radiojehona.mk\/wp-content\/uploads\/2025\/01\/auto_ljupco-palevski-palco-780x4391737389915-1-300x169.png 300w, https:\/\/radiojehona.mk\/wp-content\/uploads\/2025\/01\/auto_ljupco-palevski-palco-780x4391737389915-1-768x432.png 768w, https:\/\/radiojehona.mk\/wp-content\/uploads\/2025\/01\/auto_ljupco-palevski-palco-780x4391737389915-1-800x450.png 800w\" sizes=\"(max-width: 850px) 100vw, 850px\" \/><\/figure>\n\n\n\n<p>Me publikimin e pamjeve nga kamerat e siguris\u00eb sot n\u00eb Gjykat\u00ebn Themelore Penale Shkup vazhdoi gjykimi p\u00ebr vrasjen e t\u00eb mitur\u00ebs Vanja Gjor\u00e7evska dhe banorit nga Velesi Pan\u00e7e Zhezhovski, ku i akuzuari i par\u00eb \u00ebsht\u00eb Lup\u00e7o Palevski-Pal\u00e7o, s\u00eb bashku me Bore Videvskin, Velibor Manevin dhe Vllatko Keshishovin, si dhe babain e vajz\u00ebs, Aleksandar Gjor\u00e7evski. Gjykimi vazhdon m\u00eb 27 janar.Prokuroria n\u00eb seanc\u00ebn e sotme gjyq\u00ebsore prezantoi pamje nga sistemi Sejf siti, p\u00ebr t\u00eb cilat tha se jan\u00eb siguruar nga kontrolli i targave t\u00eb veturave Citroen dhe Reno Kangu.<\/p>\n\n\n\n<p>Vetura Citroen e t\u00eb vrarit Pan\u00e7e Zhezhovski, n\u00eb t\u00eb cilin \u00ebsht\u00eb rr\u00ebmbyer Vanja n\u00eb nj\u00eb video t\u00eb dit\u00ebs kritike t\u00eb 27 n\u00ebntorit 2023 n\u00eb ora 06:28, \u00ebsht\u00eb par\u00eb n\u00eb kryq\u00ebzimin e Bulevardit \u201cHristijan Todorovski Karposh\u201d me rrug\u00ebn \u201cFerid Bajram\u201d, n\u00eb \u00c7air, nd\u00ebrsa po l\u00ebviz drejt Qendr\u00ebs. N\u00eb or\u00ebn 6:29 vazhdon p\u00ebrgjat\u00eb bulevardit \u201cCvetan Dimov\u201d n\u00eb drejtim t\u00eb Bit Pazarit dhe n\u00eb kryq\u00ebzimin me Q.T. \u201cMavrovasja\u201d kthehet p\u00ebrgjat\u00eb bulevardit \u201cGoce Dell\u00e7ev\u201d n\u00eb drejtim t\u00eb ur\u00ebs \u201cGoce Dell\u00e7ev\u201d dhe n\u00eb or\u00ebn 6:33 vazhdon n\u00eb Bulevardin \u201cIlinden\u201d dhe n\u00eb kryq\u00ebzimin tek Qeveria, t\u00ebrhiqet p\u00ebrgjat\u00eb rrug\u00ebs \u201cOrce Nikollov\u201d.<\/p>\n\n\n\n<p>N\u00eb or\u00ebn 06:36, Citroeni \u00ebsht\u00eb v\u00ebrejtur n\u00eb parkingun n\u00eb rrug\u00ebn \u201cMihail Cokov\u201d, af\u00ebr hotelit \u201cPark\u201d dhe ka vazhduar drejt nd\u00ebrtes\u00ebs s\u00eb Vanj\u00ebs n\u00eb rrug\u00ebn \u201cNaum Naumovski Bor\u00e7e\u201d.N\u00eb dit\u00ebn kritike t\u00eb 27 n\u00ebntorit, rreth or\u00ebs 06:25, automjeti Renault Kangu \u00ebsht\u00eb v\u00ebrejtur duke l\u00ebvizur p\u00ebrgjat\u00eb rrug\u00ebs \u201cButelska\u201d, n\u00ebp\u00ebr rrug\u00ebn \u201cHristijan Todorovski Karposh\u201d, e m\u00eb pas p\u00ebrgjat\u00eb bulevardit \u201cCvetan Dimov\u201d n\u00eb drejtim t\u00eb Qendr\u00ebs. N\u00eb Q.T. \u201cMavrovasja\u201d n\u00eb or\u00ebn 06:29 kthen n\u00eb bulevardin \u201cGoce Dell\u00e7ev\u201d n\u00eb drejtim t\u00eb ur\u00ebs \u201cGoce Dell\u00e7ev\u201d, nga ku vazhdon drejt bulevardit \u201cPartizanski Odredi\u201d te Katedralja, n\u00eb drejtim t\u00eb Karposhit. T\u00ebrhiqet n\u00eb rrug\u00ebn \u201cLeninova\u201d n\u00eb Debar Maalo.<\/p>\n\n\n\n<p>N\u00eb nj\u00eb video nga ora 07:30, shihet automjeti Kangu duke l\u00ebvizur nga Debar Maalo dhe duke u kthyer majtas n\u00eb \u201cIlindenska\u201d n\u00eb nj\u00eb vend ku sipas shenjave t\u00eb komunikacionit nuk lejohet kthimi majtas. M\u00eb pas n\u00eb kryq\u00ebzimin e bulevardit \u201cIlinden\u201d me rrug\u00ebn \u201cNaum Naumovski Bor\u00e7e\u201d v\u00ebrehet si vazhdon p\u00ebrgjat\u00eb rrug\u00ebs \u201cIlindenska\u201d n\u00eb drejtim t\u00eb Kopshtit Zoologjik dhe kthen djathtas p\u00ebrgjat\u00eb bulevardit \u201c8 Shtatori\u201d n\u00eb drejtim t\u00eb ur\u00ebs tek Aleksandar Palas n\u00eb drejtim t\u00eb Momin Potokut. N\u00eb automjet \u00ebsht\u00eb vet\u00ebm nj\u00eb person, shoferi.<\/p>\n\n\n\n<p>Paraprakisht, Citroeni \u00ebsht\u00eb regjistruar n\u00eb kamerat e siguris\u00eb Sejf Siti, duke l\u00ebvizur n\u00eb rrug\u00ebt e Shkupit dhe disa dit\u00eb para dit\u00ebs kritike t\u00eb 24 n\u00ebntorit 2023, nga rruga \u201c102\u201d n\u00eb lagjen Maxhari n\u00eb or\u00ebn 06:36 dhe mbi mbikalimin tek Triangla lidhet me Bulevardin \u201cAleksandar Makedonski\u201d. M\u00eb pas, n\u00eb or\u00ebn 6:40, automjeti kthehet nga bulevardi n\u00eb rrug\u00ebn \u201cBrigadat nd\u00ebrkomb\u00ebtare\u201d, af\u00ebr Dojran\u00ebs, pastaj drejt pran\u00eb Ist Gejtit p\u00ebrgjat\u00eb bulevardit \u201cGoce Dell\u00e7ev\u201d, af\u00ebr Q.T. \u201cMavrovasja\u201d dhe p\u00ebrgjat\u00eb ur\u00ebs \u201cGoce Dell\u00e7ev\u201d, tek Qeveria kthen majtas dhe m\u00eb pas vazhdon n\u00ebp\u00ebr rrug\u00ebn \u201cOrce Nikollov\u201d dhe drejt nd\u00ebrtes\u00ebs nga e cila u rr\u00ebmbye Vanja n\u00eb dit\u00ebn kritike, disa dit\u00eb m\u00eb von\u00eb m\u00eb 27 n\u00ebntor.<\/p>\n\n\n\n<p>N\u00eb nj\u00eb video t\u00eb dat\u00ebs 25 n\u00ebntor t\u00eb vitit 2023 n\u00eb ora 21:00, automjeti Citroen shihet duke l\u00ebvizur s\u00ebrish nga Triangla, n\u00eb Maxhari p\u00ebrgjat\u00eb bulevardit \u201cAleksandar Makedonski\u201d, ku m\u00eb pas v\u00ebrehet s\u00eb bashku me automjetin Reno Kangu.<\/p>\n\n\n\n<p>Videot e para, t\u00eb paraqitura nga Prokuroria, tregojn\u00eb t\u00eb pandehurin Vllatko Keshishev duke paguar dhe mbushur nj\u00eb boks me benzin\u00eb n\u00eb pomp\u00ebn e benzin\u00ebs Makpetrol, n\u00eb Qendr\u00ebn e Transportit t\u00eb Shkupit n\u00eb af\u00ebrsi t\u00eb partis\u00eb Desna, rreth or\u00ebs 05:00 m\u00eb 27 n\u00ebntor t\u00eb vitit 2023.N\u00eb sall\u00ebn e gjyqit u prezantuan edhe disa video nga kamerat e siguris\u00eb t\u00eb automjetit Reno Kangu, se si qarkullon n\u00ebp\u00ebr Qend\u00ebr, nga selia e partis\u00eb Desna, drejt salles Jane Sandanski n\u00eb Aerodrom dhe pastaj n\u00eb drejtim t\u00eb Autokomand\u00ebs, rreth or\u00ebs 5 e 33 minuta m\u00eb 27 n\u00ebntor t\u00eb vitit 2023.<\/p>\n\n\n\n<p>N\u00eb pamjet e kamerave t\u00eb Sejf siti, ishte treguar qarkullimi i automjetit mercedes, pron\u00ebsi e t\u00eb akuzuarit Velibor Manev m\u00eb 20 n\u00ebntor 2023 n\u00eb or\u00ebn 9 e 30 minuta se si qarkullon n\u00ebp\u00ebr bulevardin \u201cGoce Dell\u00e7ev\u201d tek Ist Gejti.<\/p>\n\n\n\n<p>Gjykimin e udh\u00ebheq gjykat\u00ebsi Ivica Stefanovski, nd\u00ebrsa p\u00ebrfaq\u00ebsues i akuz\u00ebs \u00ebsht\u00eb prokurorja Zhaklina K\u00ebrstevska.<\/p>\n\n\n\n<p>Mbrojt\u00ebsi i Palevskit, avokati Jovica Strasheski, para p\u00ebrfundimit t\u00eb seanc\u00ebs s\u00eb sotme kund\u00ebrshtoi paraqitjen e disa provave, t\u00eb cilat, si\u00e7 tha ai, nuk dihet se si kan\u00eb lidhje me t\u00eb pandehurit dhe ngjarjen penale, duke qen\u00eb se videot nuk tregonin asnj\u00eb prov\u00eb as targat dhe as personat n\u00eb automjete.<\/p>\n\n\n\n<p><em>\u201cAs p\u00ebr Reno Kangun dhe as p\u00ebr Citroenin, prokuroria nuk ka v\u00ebrtetuar sot se ka pasur l\u00ebvizje drejt banes\u00ebs s\u00eb Vanj\u00ebs. T\u00eb gjitha provat e paraqitura sot nuk jan\u00eb relevante, as t\u00eb lidhura me ngjarjen penale juridike dhe t\u00eb pandehurit Lup\u00e7o Palevski Pal\u00e7o\u201d<\/em>, tha Strasheski.<\/p>\n\n\n\n<p>Ankes\u00eb n\u00eb list\u00ebn e provave t\u00eb Prokuroris\u00eb, shprehu edhe i akuzuari i par\u00eb Palevski Pal\u00e7o, duke theksuar se n\u00eb list\u00ebn e 197 d\u00ebshmive ka d\u00ebshmi t\u00eb dyfishuara.<\/p>\n\n\n\n<p><em>\u201cK\u00ebrkoj q\u00eb ky ekip i super-prokuror\u00ebve q\u00eb m\u00eb akuzon t\u00eb redaktoj\u00eb list\u00ebn e provave. D\u00ebshiroj t\u00eb njoftoj se n\u00eb seanc\u00ebn e ardhshme do t\u00eb k\u00ebrkoj p\u00ebrjashtimin e gjith\u00eb prokuroris\u00eb, p\u00ebr \u00e7ka do t\u00eb paraqes prova\u201d<\/em>, tha Palevski.<\/p>\n\n\n\n<p>N\u00eb seanc\u00ebn e kaluar gjyq\u00ebsore, prokurorja Zhaklina Trajkovska shkurtimisht shpjegoi para Gjykat\u00ebs 180 nga gjithsej 197 prova, t\u00eb cilat kan\u00eb t\u00eb b\u00ebjn\u00eb me lokacionet ku jan\u00eb gjetur viktimat, gjetjet e organeve hetimore, gjurm\u00ebt e gjetura, gjetjet e autopsis\u00eb, si dhe raportet nga ekzaminimet psikiatrike.<\/p>\n\n\n\n<p>Si\u00e7 b\u00ebri t\u00eb ditur prokurorja, viktimat ishin vrar\u00eb me plumb n\u00eb kok\u00eb nga af\u00ebrsia, me kalib\u00ebr t\u00eb nj\u00ebjt\u00eb t\u00eb plumbit prej 9 milimetra, duke theksuar se autopsia ka treguar se Vanja nuk ishte mbytur, gjegj\u00ebsisht q\u00eb ty dy viktimat ishin gjall\u00eb n\u00eb momentin e ekzekutimit. Sipas analiz\u00ebs ADN nga ngjit\u00ebsja e cila ishte n\u00eb goj\u00ebn e Vanj\u00ebs, jan\u00eb gjetur gjurm\u00eb t\u00eb p\u00ebrziera nga vajza, si dhe, sipas gjitha gjasave gjurm\u00eb t\u00eb t\u00eb akuzuarit Velibor Manev.<\/p>\n\n\n\n<p>N\u00eb seanc\u00ebn e par\u00eb gjyq\u00ebsore t\u00eb akuzuarit Lup\u00e7o Palevski, Boro Videvski, Velibor Manev dhe Vllatko Keshishov, si dhe babai i vajz\u00ebs, Aleksandar Gjor\u00e7evski u deklaruan se nuk ndjehen fajtor\u00eb.<\/p>\n\n\n\n<p>Sipas akuz\u00ebs, ata bashk\u00eb planifikuan grabitjen e vajz\u00ebs 14-vje\u00e7are me q\u00ebllim q\u00eb t\u00eb detyrojn\u00eb nj\u00eb an\u00ebtar t\u00eb familjes s\u00eb saj m\u00eb t\u00eb ngusht\u00eb t\u00eb jap\u00eb t\u00eb holla si shp\u00ebrblim. P\u00ebrderisa grabitja e t\u00eb d\u00ebmtuarit Pan\u00e7e Zhezhovski n\u00eb Veles ishte b\u00ebr\u00eb me q\u00ebllim q\u00eb ta detyrojn\u00eb q\u00eb tua jap\u00eb vetur\u00ebn \u201cCitroen\u201d q\u00eb ta shfryt\u00ebzojn\u00eb p\u00ebr grabitje t\u00eb f\u00ebmij\u00ebs n\u00eb Shkup.<\/p>\n\n\n\n<p>E mitura Vanja dhe Pan\u00e7e nga Velesi, t\u00eb cil\u00ebt ishin raportuar si t\u00eb zhdukur m\u00eb 27 dhe 24 n\u00ebntor, ishin gjetur t\u00eb vdekur n\u00eb af\u00ebrsi t\u00eb Shkupit dhe Velesit m\u00eb 3 dhjetor t\u00eb vitit 2023.<\/p>\n","protected":false},"excerpt":{"rendered":"<p>Me publikimin e pamjeve nga kamerat e siguris&euml; sot n&euml; Gjykat&euml;n Themelore Penale Shkup vazhdoi gjykimi p&euml;r vrasjen e t&euml; mitur&euml;s Vanja Gjor&ccedil;evska dhe banorit nga Velesi Pan&ccedil;e Zhezhovski, ku i akuzuari i par&euml; &euml;sht&euml; Lup&ccedil;o Palevski-Pal&ccedil;o, s&euml; bashku me Bore Videvskin, Velibor Manevin dhe Vllatko Keshishovin, si dhe babain e vajz&euml;s, Aleksandar Gjor&ccedil;evski. Gjykimi [&hellip;]<\/p>\n","protected":false},"author":2,"featured_media":40263,"comment_status":"open","ping_status":"closed","sticky":false,"template":"","format":"standard","meta":{"_monsterinsights_skip_tracking":false,"_monsterinsights_sitenote_active":false,"_monsterinsights_sitenote_note":"","_monsterinsights_sitenote_category":0,"footnotes":""},"categories":[1],"tags":[],"class_list":["post-40262","post","type-post","status-publish","format-standard","has-post-thumbnail","hentry","category-vendi"],"_links":{"self":[{"href":"https:\/\/radiojehona.mk\/index.php?rest_route=\/wp\/v2\/posts\/40262","targetHints":{"allow":["GET"]}}],"collection":[{"href":"https:\/\/radiojehona.mk\/index.php?rest_route=\/wp\/v2\/posts"}],"about":[{"href":"https:\/\/radiojehona.mk\/index.php?rest_route=\/wp\/v2\/types\/post"}],"author":[{"embeddable":true,"href":"https:\/\/radiojehona.mk\/index.php?rest_route=\/wp\/v2\/users\/2"}],"replies":[{"embeddable":true,"href":"https:\/\/radiojehona.mk\/index.php?rest_route=%2Fwp%2Fv2%2Fcomments&post=40262"}],"version-history":[{"count":2,"href":"https:\/\/radiojehona.mk\/index.php?rest_route=\/wp\/v2\/posts\/40262\/revisions"}],"predecessor-version":[{"id":40265,"href":"https:\/\/radiojehona.mk\/index.php?rest_route=\/wp\/v2\/posts\/40262\/revisions\/40265"}],"wp:featuredmedia":[{"embeddable":true,"href":"https:\/\/radiojehona.mk\/index.php?rest_route=\/wp\/v2\/media\/40263"}],"wp:attachment":[{"href":"https:\/\/radiojehona.mk\/index.php?rest_route=%2Fwp%2Fv2%2Fmedia&parent=40262"}],"wp:term":[{"taxonomy":"category","embeddable":true,"href":"https:\/\/radiojehona.mk\/index.php?rest_route=%2Fwp%2Fv2%2Fcategories&post=40262"},{"taxonomy":"post_tag","embeddable":true,"href":"https:\/\/radiojehona.mk\/index.php?rest_route=%2Fwp%2Fv2%2Ftags&post=40262"}],"curies":[{"name":"wp","href":"https:\/\/api.w.org\/{rel}","templated":true}]}}