{"id":40258,"date":"2025-01-20T16:41:56","date_gmt":"2025-01-20T16:41:56","guid":{"rendered":"https:\/\/radiojehona.com\/?p=40258"},"modified":"2025-01-20T16:41:57","modified_gmt":"2025-01-20T16:41:57","slug":"14-profesore-marrin-vendime-pune-ne-tetove-kasami-mesimdhenesit-tane-jane-shtyllat-e-edukimit-dhe-te-perparimit","status":"publish","type":"post","link":"https:\/\/radiojehona.mk\/?p=40258","title":{"rendered":"14 profesor\u00eb marrin vendime pune n\u00eb Tetov\u00eb, Kasami: M\u00ebsimdh\u00ebn\u00ebsit tan\u00eb jan\u00eb shtyllat e edukimit dhe t\u00eb p\u00ebrparimit"},"content":{"rendered":"\n<figure class=\"wp-block-image size-full\"><img fetchpriority=\"high\" decoding=\"async\" width=\"820\" height=\"546\" src=\"https:\/\/radiojehona.com\/wp-content\/uploads\/2025\/01\/bilall.jpg\" alt=\"\" class=\"wp-image-40259\" srcset=\"https:\/\/radiojehona.mk\/wp-content\/uploads\/2025\/01\/bilall.jpg 820w, https:\/\/radiojehona.mk\/wp-content\/uploads\/2025\/01\/bilall-300x200.jpg 300w, https:\/\/radiojehona.mk\/wp-content\/uploads\/2025\/01\/bilall-768x511.jpg 768w\" sizes=\"(max-width: 820px) 100vw, 820px\" \/><\/figure>\n\n\n\n<p>Kryetari i komun\u00ebs s\u00eb Tetov\u00ebs, Bilall Kasami, ka njoftuar se sot jan\u00eb ndar\u00eb vendimet p\u00ebr 14 profesor\u00eb. Sipas Kasamit, ky veprim paraqet nj\u00eb hap t\u00eb r\u00ebnd\u00ebsish\u00ebm p\u00ebr arsimin dhe t\u00eb ardhmen e vendit ton\u00eb.<\/p>\n\n\n\n<p>\u201cMe ndarjen e 14 vendimeve pune p\u00ebr profesor\u00ebt e shkollave t\u00eb mesme, po d\u00ebshmojm\u00eb se investimi n\u00eb arsim \u00ebsht\u00eb investimi m\u00eb i sigurt p\u00ebr nj\u00eb shoq\u00ebri m\u00eb t\u00eb drejt\u00eb dhe m\u00eb t\u00eb zhvilluar. M\u00ebsimdh\u00ebn\u00ebsit tan\u00eb jan\u00eb shtyllat e edukimit dhe t\u00eb p\u00ebrparimit. Ata jan\u00eb frym\u00ebzimi i f\u00ebmij\u00ebve tan\u00eb dhe garancia q\u00eb shoq\u00ebria jon\u00eb do t\u00eb vazhdoj\u00eb t\u00eb ec\u00eb p\u00ebrpara me dije dhe vlera. Tetova ka nevoj\u00eb p\u00ebr arsim cil\u00ebsor dhe p\u00ebr njer\u00ebz q\u00eb e vendosin dijen mbi gjith\u00e7ka tjet\u00ebr. Ne jemi t\u00eb p\u00ebrkushtuar q\u00eb ta b\u00ebjm\u00eb arsimin prioritet komb\u00ebtar dhe lokal. P\u00ebr nj\u00eb Tetov\u00eb q\u00eb e nd\u00ebrton t\u00eb ardhmen me dije dhe p\u00ebr nj\u00eb popull q\u00eb i hap dyert zhvillimit!<br>Arsimimi \u00ebsht\u00eb detyr\u00eb dhe e drejt\u00eb. S\u00eb bashku, do ta b\u00ebjm\u00eb k\u00ebt\u00eb t\u00eb drejt\u00eb nj\u00eb realitet p\u00ebr \u00e7do qytetar\u201d, ka shkruar Kasami.<\/p>\n","protected":false},"excerpt":{"rendered":"<p>Kryetari i komun&euml;s s&euml; Tetov&euml;s, Bilall Kasami, ka njoftuar se sot jan&euml; ndar&euml; vendimet p&euml;r 14 profesor&euml;. Sipas Kasamit, ky veprim paraqet nj&euml; hap t&euml; r&euml;nd&euml;sish&euml;m p&euml;r arsimin dhe t&euml; ardhmen e vendit ton&euml;. &ldquo;Me ndarjen e 14 vendimeve pune p&euml;r profesor&euml;t e shkollave t&euml; mesme, po d&euml;shmojm&euml; se investimi n&euml; arsim &euml;sht&euml; investimi m&euml; [&hellip;]<\/p>\n","protected":false},"author":2,"featured_media":40259,"comment_status":"open","ping_status":"closed","sticky":false,"template":"","format":"standard","meta":{"_monsterinsights_skip_tracking":false,"_monsterinsights_sitenote_active":false,"_monsterinsights_sitenote_note":"","_monsterinsights_sitenote_category":0,"footnotes":""},"categories":[1],"tags":[],"class_list":["post-40258","post","type-post","status-publish","format-standard","has-post-thumbnail","hentry","category-vendi"],"_links":{"self":[{"href":"https:\/\/radiojehona.mk\/index.php?rest_route=\/wp\/v2\/posts\/40258","targetHints":{"allow":["GET"]}}],"collection":[{"href":"https:\/\/radiojehona.mk\/index.php?rest_route=\/wp\/v2\/posts"}],"about":[{"href":"https:\/\/radiojehona.mk\/index.php?rest_route=\/wp\/v2\/types\/post"}],"author":[{"embeddable":true,"href":"https:\/\/radiojehona.mk\/index.php?rest_route=\/wp\/v2\/users\/2"}],"replies":[{"embeddable":true,"href":"https:\/\/radiojehona.mk\/index.php?rest_route=%2Fwp%2Fv2%2Fcomments&post=40258"}],"version-history":[{"count":2,"href":"https:\/\/radiojehona.mk\/index.php?rest_route=\/wp\/v2\/posts\/40258\/revisions"}],"predecessor-version":[{"id":40261,"href":"https:\/\/radiojehona.mk\/index.php?rest_route=\/wp\/v2\/posts\/40258\/revisions\/40261"}],"wp:featuredmedia":[{"embeddable":true,"href":"https:\/\/radiojehona.mk\/index.php?rest_route=\/wp\/v2\/media\/40259"}],"wp:attachment":[{"href":"https:\/\/radiojehona.mk\/index.php?rest_route=%2Fwp%2Fv2%2Fmedia&parent=40258"}],"wp:term":[{"taxonomy":"category","embeddable":true,"href":"https:\/\/radiojehona.mk\/index.php?rest_route=%2Fwp%2Fv2%2Fcategories&post=40258"},{"taxonomy":"post_tag","embeddable":true,"href":"https:\/\/radiojehona.mk\/index.php?rest_route=%2Fwp%2Fv2%2Ftags&post=40258"}],"curies":[{"name":"wp","href":"https:\/\/api.w.org\/{rel}","templated":true}]}}