{"id":40255,"date":"2025-01-20T16:41:13","date_gmt":"2025-01-20T16:41:13","guid":{"rendered":"https:\/\/radiojehona.com\/?p=40255"},"modified":"2025-01-20T16:41:14","modified_gmt":"2025-01-20T16:41:14","slug":"ash-sela-siljanovska-me-retoriken-e-putinit-agresionin-ne-ukraine-e-quan-operacion-ushtarak","status":"publish","type":"post","link":"https:\/\/radiojehona.mk\/?p=40255","title":{"rendered":"ASH-Sela: Siljanovska me retorik\u00ebn e Putinit, agresionin n\u00eb Ukrain\u00eb e quan \u201coperacion ushtarak\u201d"},"content":{"rendered":"\n<figure class=\"wp-block-image size-full\"><img fetchpriority=\"high\" decoding=\"async\" width=\"850\" height=\"309\" src=\"https:\/\/radiojehona.com\/wp-content\/uploads\/2025\/01\/auto_Pamja_e_castit_2025-01-20_1515361737382555.png\" alt=\"\" class=\"wp-image-40256\" srcset=\"https:\/\/radiojehona.mk\/wp-content\/uploads\/2025\/01\/auto_Pamja_e_castit_2025-01-20_1515361737382555.png 850w, https:\/\/radiojehona.mk\/wp-content\/uploads\/2025\/01\/auto_Pamja_e_castit_2025-01-20_1515361737382555-300x109.png 300w, https:\/\/radiojehona.mk\/wp-content\/uploads\/2025\/01\/auto_Pamja_e_castit_2025-01-20_1515361737382555-768x279.png 768w\" sizes=\"(max-width: 850px) 100vw, 850px\" \/><\/figure>\n\n\n\n<p>Nga Aleanca p\u00ebr Shqiptar\u00ebt krahu i Sel\u00ebs thon\u00eb se presidentja Gordana Siljanovska Davkova n\u00eb vend q\u00eb t\u00eb rreshtohet me vendet per\u00ebndimore dhe t\u00eb respektoj\u00eb obligimet q\u00eb dalin nga an\u00ebtar\u00ebsimi n\u00eb NATO, \u201cndjek rrug\u00ebn e aleat\u00ebve t\u00eb Rusis\u00eb, si Serbia dhe vendet e tjera anti-NATO\u201d.Nga ASh Sela e quajn\u00eb skandal cil\u00ebsimin e agresionit rus n\u00eb Ukrain\u00eb si \u201coperacion ushtarak, nd\u00ebrkaq presin distancim t\u00eb qart\u00eb nga drejtuesit e Qeveris\u00eb si dhe k\u00ebrkim falje dhe korrigjim nga presidentja.<em>\u201cAleanca p\u00ebr Shqiptar\u00ebt e vler\u00ebson si skandaloze dhe t\u00eb papranueshme deklarat\u00ebn e presidentes, Gordana Siljanovska Davkova e cila agresionin rus n\u00eb Ukrain\u00eb e ka cil\u00ebsuar si \u201coperacion ushtarak\u201d. Kjo \u00ebsht\u00eb hera e par\u00eb q\u00eb nj\u00eb shtet an\u00ebtar i NATO-s, p\u00ebrdor retorik\u00ebn zyrtare t\u00eb Putinit dhe propagand\u00ebn e Kremlinit zyrtar p\u00ebr nj\u00eb konflikt t\u00eb paprovokuar q\u00eb ka shkaktuar mij\u00ebra civil t\u00eb pafajsh\u00ebm.<\/em><\/p>\n\n\n\n<p><em>P\u00ebrdorimi i shprehjeve t\u00eb k\u00ebtilla c\u00ebnon pozicionin nd\u00ebrkomb\u00ebtar dhe aspiratat euro-integruese, nd\u00ebrsa konfirmon edhe nj\u00eb her\u00eb mentalitetin dhe orientimin pro rus t\u00eb Qeveris\u00eb aktuale\u201d<\/em>, thon\u00eb nga ASH-Sela.<\/p>\n","protected":false},"excerpt":{"rendered":"<p>Nga Aleanca p&euml;r Shqiptar&euml;t krahu i Sel&euml;s thon&euml; se presidentja Gordana Siljanovska Davkova n&euml; vend q&euml; t&euml; rreshtohet me vendet per&euml;ndimore dhe t&euml; respektoj&euml; obligimet q&euml; dalin nga an&euml;tar&euml;simi n&euml; NATO, &ldquo;ndjek rrug&euml;n e aleat&euml;ve t&euml; Rusis&euml;, si Serbia dhe vendet e tjera anti-NATO&rdquo;.Nga ASh Sela e quajn&euml; skandal cil&euml;simin e agresionit rus n&euml; Ukrain&euml; [&hellip;]<\/p>\n","protected":false},"author":2,"featured_media":40256,"comment_status":"open","ping_status":"closed","sticky":false,"template":"","format":"standard","meta":{"_monsterinsights_skip_tracking":false,"_monsterinsights_sitenote_active":false,"_monsterinsights_sitenote_note":"","_monsterinsights_sitenote_category":0,"footnotes":""},"categories":[1],"tags":[],"class_list":["post-40255","post","type-post","status-publish","format-standard","has-post-thumbnail","hentry","category-vendi"],"_links":{"self":[{"href":"https:\/\/radiojehona.mk\/index.php?rest_route=\/wp\/v2\/posts\/40255","targetHints":{"allow":["GET"]}}],"collection":[{"href":"https:\/\/radiojehona.mk\/index.php?rest_route=\/wp\/v2\/posts"}],"about":[{"href":"https:\/\/radiojehona.mk\/index.php?rest_route=\/wp\/v2\/types\/post"}],"author":[{"embeddable":true,"href":"https:\/\/radiojehona.mk\/index.php?rest_route=\/wp\/v2\/users\/2"}],"replies":[{"embeddable":true,"href":"https:\/\/radiojehona.mk\/index.php?rest_route=%2Fwp%2Fv2%2Fcomments&post=40255"}],"version-history":[{"count":1,"href":"https:\/\/radiojehona.mk\/index.php?rest_route=\/wp\/v2\/posts\/40255\/revisions"}],"predecessor-version":[{"id":40257,"href":"https:\/\/radiojehona.mk\/index.php?rest_route=\/wp\/v2\/posts\/40255\/revisions\/40257"}],"wp:featuredmedia":[{"embeddable":true,"href":"https:\/\/radiojehona.mk\/index.php?rest_route=\/wp\/v2\/media\/40256"}],"wp:attachment":[{"href":"https:\/\/radiojehona.mk\/index.php?rest_route=%2Fwp%2Fv2%2Fmedia&parent=40255"}],"wp:term":[{"taxonomy":"category","embeddable":true,"href":"https:\/\/radiojehona.mk\/index.php?rest_route=%2Fwp%2Fv2%2Fcategories&post=40255"},{"taxonomy":"post_tag","embeddable":true,"href":"https:\/\/radiojehona.mk\/index.php?rest_route=%2Fwp%2Fv2%2Ftags&post=40255"}],"curies":[{"name":"wp","href":"https:\/\/api.w.org\/{rel}","templated":true}]}}