{"id":40235,"date":"2025-01-19T13:07:17","date_gmt":"2025-01-19T13:07:17","guid":{"rendered":"https:\/\/radiojehona.com\/?p=40235"},"modified":"2025-01-19T13:07:17","modified_gmt":"2025-01-19T13:07:17","slug":"mepso-do-te-jete-nen-ombrellen-e-ministrise-se-energjetikes","status":"publish","type":"post","link":"https:\/\/radiojehona.mk\/?p=40235","title":{"rendered":"MEPSO do t\u00eb jet\u00eb n\u00ebn ombrell\u00ebn e Ministris\u00eb s\u00eb Energjetik\u00ebs"},"content":{"rendered":"\n<figure class=\"wp-block-image size-large\"><img fetchpriority=\"high\" decoding=\"async\" width=\"1024\" height=\"674\" src=\"https:\/\/radiojehona.com\/wp-content\/uploads\/2025\/01\/IMG_0462-1024x674.jpeg\" alt=\"\" class=\"wp-image-40236\" srcset=\"https:\/\/radiojehona.mk\/wp-content\/uploads\/2025\/01\/IMG_0462-1024x674.jpeg 1024w, https:\/\/radiojehona.mk\/wp-content\/uploads\/2025\/01\/IMG_0462-300x197.jpeg 300w, https:\/\/radiojehona.mk\/wp-content\/uploads\/2025\/01\/IMG_0462-768x505.jpeg 768w, https:\/\/radiojehona.mk\/wp-content\/uploads\/2025\/01\/IMG_0462.jpeg 1125w\" sizes=\"(max-width: 1024px) 100vw, 1024px\" \/><\/figure>\n\n\n\n<p>MEPSO do t\u00eb jet\u00eb n\u00ebn ombrell\u00ebn e Ministris\u00eb s\u00eb Energjetik\u00ebs. K\u00ebt\u00eb e paralajm\u00ebroi ministrja e Energjetik\u00ebs Sanja Bozhinovska n\u00eb nj\u00eb intervist\u00eb p\u00ebr radion Evropa e Lir\u00eb. E pyetur se p\u00ebrse EMV mbetet n\u00ebn Qeverin\u00eb Bozhinovska theksoi se nuk mund q\u00eb edhe prodhimi edhe distriubimi t\u00eb jen\u00eb n\u00ebn ministrin\u00eb e nj\u00ebjt\u00eb. Kjo sipas saj do t\u00eb zgjidhet me Ligjin e ri t\u00eb Energjetik\u00ebs i cili po p\u00ebrgatitet. Bozhinovska foli edhe p\u00ebr tender\u00ebt p\u00ebr Termocentralet duke theksuar se atje ka m\u00eb shum\u00eb kriminalitet se ai i p\u00ebrfshir\u00eb n\u00eb rastin \u201cAditiv\u00ebt\u201d. Bozhinovska tha se shpreson se \u201cAditiv\u00ebt\u201d nuk do t\u00eb jet\u00eb rasti i fundit dhe se do t\u00eb ket\u00eb epilog gjyq\u00ebsor p\u00ebr parregullsit\u00eb.<\/p>\n\n\n\n<p>\u201cPunojm\u00eb n\u00eb Ligjin e ri t\u00eb Energjetik\u00ebs dhe me Ligjin e ri t\u00eb Energjetik\u00ebs, MEPSO do t\u00eb jet\u00eb n\u00ebn ombrell\u00ebn e Ministris\u00eb, q\u00eb mendoj se \u00ebsht\u00eb e natyrshme dhe normale. Me at\u00eb q\u00eb duhet t\u00eb kemi kujdes q\u00eb EMV t\u00eb mbetet n\u00ebn ombrell\u00ebn e Qeveris\u00eb, nd\u00ebrsa MEPSO do t\u00eb jet\u00eb n\u00ebn Ministrin\u00eb e Energjetik\u00ebs\u201d, tha Sanja Bozhinovska, Ministre e Energjetik\u00ebs.<\/p>\n","protected":false},"excerpt":{"rendered":"<p>MEPSO do t&euml; jet&euml; n&euml;n ombrell&euml;n e Ministris&euml; s&euml; Energjetik&euml;s. K&euml;t&euml; e paralajm&euml;roi ministrja e Energjetik&euml;s Sanja Bozhinovska n&euml; nj&euml; intervist&euml; p&euml;r radion Evropa e Lir&euml;. E pyetur se p&euml;rse EMV mbetet n&euml;n Qeverin&euml; Bozhinovska theksoi se nuk mund q&euml; edhe prodhimi edhe distriubimi t&euml; jen&euml; n&euml;n ministrin&euml; e nj&euml;jt&euml;. Kjo sipas saj do t&euml; [&hellip;]<\/p>\n","protected":false},"author":2,"featured_media":40236,"comment_status":"open","ping_status":"closed","sticky":false,"template":"","format":"standard","meta":{"_monsterinsights_skip_tracking":false,"_monsterinsights_sitenote_active":false,"_monsterinsights_sitenote_note":"","_monsterinsights_sitenote_category":0,"footnotes":""},"categories":[1],"tags":[],"class_list":["post-40235","post","type-post","status-publish","format-standard","has-post-thumbnail","hentry","category-vendi"],"_links":{"self":[{"href":"https:\/\/radiojehona.mk\/index.php?rest_route=\/wp\/v2\/posts\/40235","targetHints":{"allow":["GET"]}}],"collection":[{"href":"https:\/\/radiojehona.mk\/index.php?rest_route=\/wp\/v2\/posts"}],"about":[{"href":"https:\/\/radiojehona.mk\/index.php?rest_route=\/wp\/v2\/types\/post"}],"author":[{"embeddable":true,"href":"https:\/\/radiojehona.mk\/index.php?rest_route=\/wp\/v2\/users\/2"}],"replies":[{"embeddable":true,"href":"https:\/\/radiojehona.mk\/index.php?rest_route=%2Fwp%2Fv2%2Fcomments&post=40235"}],"version-history":[{"count":2,"href":"https:\/\/radiojehona.mk\/index.php?rest_route=\/wp\/v2\/posts\/40235\/revisions"}],"predecessor-version":[{"id":40238,"href":"https:\/\/radiojehona.mk\/index.php?rest_route=\/wp\/v2\/posts\/40235\/revisions\/40238"}],"wp:featuredmedia":[{"embeddable":true,"href":"https:\/\/radiojehona.mk\/index.php?rest_route=\/wp\/v2\/media\/40236"}],"wp:attachment":[{"href":"https:\/\/radiojehona.mk\/index.php?rest_route=%2Fwp%2Fv2%2Fmedia&parent=40235"}],"wp:term":[{"taxonomy":"category","embeddable":true,"href":"https:\/\/radiojehona.mk\/index.php?rest_route=%2Fwp%2Fv2%2Fcategories&post=40235"},{"taxonomy":"post_tag","embeddable":true,"href":"https:\/\/radiojehona.mk\/index.php?rest_route=%2Fwp%2Fv2%2Ftags&post=40235"}],"curies":[{"name":"wp","href":"https:\/\/api.w.org\/{rel}","templated":true}]}}