{"id":40227,"date":"2025-01-18T17:38:10","date_gmt":"2025-01-18T17:38:10","guid":{"rendered":"https:\/\/radiojehona.com\/?p=40227"},"modified":"2025-01-18T17:38:10","modified_gmt":"2025-01-18T17:38:10","slug":"protestat-masive-ne-serbi-tali-vuciqi-e-ka-humbur-gjakftohtesine-ata-po-motivohen-edhe-nga","status":"publish","type":"post","link":"https:\/\/radiojehona.mk\/?p=40227","title":{"rendered":"Protestat masive n\u00eb Serbi\/ Tali: Vu\u00e7iqi e ka humbur gjakftoht\u00ebsin\u00eb, ata po motivohen edhe nga&#8230;"},"content":{"rendered":"\n<figure class=\"wp-block-image size-large\"><img fetchpriority=\"high\" decoding=\"async\" width=\"1024\" height=\"745\" src=\"https:\/\/radiojehona.com\/wp-content\/uploads\/2025\/01\/IMG_0457-1024x745.jpeg\" alt=\"\" class=\"wp-image-40228\" srcset=\"https:\/\/radiojehona.mk\/wp-content\/uploads\/2025\/01\/IMG_0457-1024x745.jpeg 1024w, https:\/\/radiojehona.mk\/wp-content\/uploads\/2025\/01\/IMG_0457-300x218.jpeg 300w, https:\/\/radiojehona.mk\/wp-content\/uploads\/2025\/01\/IMG_0457-768x558.jpeg 768w, https:\/\/radiojehona.mk\/wp-content\/uploads\/2025\/01\/IMG_0457.jpeg 1125w\" sizes=\"(max-width: 1024px) 100vw, 1024px\" \/><\/figure>\n\n\n\n<p>Nj\u00eb num\u00ebr i madh qytetar\u00ebsh u mblodh\u00ebn mbr\u00ebm\u00eb para televizionit shtet\u00ebror t\u00eb Serbis\u00eb n\u00eb shenj\u00eb mb\u00ebshtetje me protestat e student\u00ebve pas shembjes s\u00eb tend\u00ebs n\u00eb Novi Sad, por edhe n\u00eb shenj\u00eb pak\u00ebnaq\u00ebsie me raportimin jo objektiv t\u00eb RTS.<br>Analisti Driton Tali ka th\u00ebn\u00eb se protesta jan\u00eb edhe p\u00ebr korrupsionin edhe m\u00eb shum\u00eb nga m\u00ebnyrat dhe e reagimet e qeveris\u00ebs serbe.<\/p>\n\n\n\n<p><em>\u201cProtestat e student\u00ebve q\u00eb po ndodhin k\u00ebto dy muajt e fundit jan\u00eb p\u00ebr shkak t\u00eb shembjes s\u00eb stacionit hekurudhor t\u00eb Novi Sadit, q\u00eb ndodhi me 1 n\u00ebntor, t\u00eb vitit t\u00eb kaluar, e ku vdiq\u00ebn 15 qytetar\u00eb t\u00eb rastit dhe dy u l\u00ebnduan r\u00ebnd\u00eb.<\/em><\/p>\n\n\n\n<p><em>Nd\u00ebrtesa e rikonstruktuar e stacionit hekurudhor n\u00eb fjal\u00eb u hap m\u00eb 19 mars 2022. Pun\u00ebt u kryen nga dy kompani kineze (nga China Railway International dhe China Communications Construction Company &#8211; CCCC), me t\u00eb cilat Vu\u00e7i\u00e7i akuzohet se ka marr\u00ebdh\u00ebnie kriminale korruptive. Kontrata n\u00eb fjal\u00eb nuk ishte transparent, sikur edhe shum\u00eb kontrata tjera q\u00eb jan\u00eb b\u00ebr\u00eb n\u00ebn augmentin e &#8220;sekretit shtet\u00ebror&#8221;.<\/em><br><em>Dyshimet e bazuar p\u00ebr korrupsion u thelluan edhe m\u00eb shum\u00eb nga m\u00ebnyra e reagimet t\u00eb Qeveris\u00eb. Fillimisht deklaruan se nuk u shemb pjesa e rinovuar por e vjetra, se ishte thjesht\u00eb nj\u00eb fatkeq\u00ebsi e rastit; pastaj pak m\u00eb u deklarua se ishte p\u00ebr shkak t\u00eb nj\u00eb korozionit t\u00eb mo\u00e7\u00ebm etj.<\/em><\/p>\n\n\n\n<p><em>Pra, kjo \u00ebsht\u00eb se \u00e7ka po ndodh\u00eb th\u00ebn\u00eb me pak fjali\u201d,\u00a0<\/em>thot\u00eb ai.<\/p>\n\n\n\n<p>M\u00eb tej, ai thot\u00eb se situata \u00ebsht\u00eb e acaruar sepse student\u00ebt nuk po t\u00eb ndalen s\u00eb protestuarit, duke shtuar se edhe Vu\u00e7i\u00e7i e ka humbur gjak\u00ebftoh\u00ebsin\u00eb dhe oratoria e tij k\u00ebto dit\u00ebt e fundit \u00ebsht\u00eb goxha militare.<br><br><em>\u201cStudent\u00ebt e akuzojn\u00eb Vu\u00e7i\u00e7in se e ka korruptuar t\u00ebr\u00eb shoq\u00ebrin\u00eb serbe andaj duan ndryshime. Dhe natyrisht mediet e Vu\u00e7i\u00e7it, por edhe aktivist\u00ebt e partis\u00eb tij dhe partive tjera aleate t\u00eb pushtetit, jan\u00eb futur n\u00eb luft\u00eb hibride kund\u00ebr student\u00ebve, ku natyrisht se RTS, si media m\u00eb e fuqishme (p\u00ebr faktin se shteti e financon), prin\u00eb n\u00eb at\u00eb luft\u00eb hibride.<\/em><\/p>\n\n\n\n<p><em>Situata \u00ebsht\u00eb goxha e acaruar, student\u00ebt nuk po t\u00eb ndalen s\u00eb protestuarit.<\/em><br><em>Ata po motivohen edhe nga k\u00ebta &#8220;agent provocateur&#8221; t\u00eb Vu\u00e7i\u00e7it, t\u00eb cil\u00ebt her\u00eb pas her\u00eb i sulmojn\u00eb t\u00eb protestuarit n\u00eb grumbullimet e tyre, n\u00eb forma t\u00eb ndryshme duke shkaktuar edhe m\u00eb shum\u00eb mllefe.<\/em><\/p>\n\n\n\n<p><em>Se situata \u00ebsht\u00eb acaruar po shihet edhe nga diskursi i qeveritar\u00ebve. Vu\u00e7i\u00e7i e ka humbur gjak\u00ebftoh\u00ebsin\u00eb, oratoria e tij k\u00ebto dit\u00ebt e fundit \u00ebsht\u00eb goxha militare.<\/em><\/p>\n\n\n\n<p><em>T\u00eb shohim se \u00e7far\u00eb do t\u00eb na sjellin jav\u00ebt e ardhshme\u201d,&nbsp;<\/em>p\u00ebrfundon ai p\u00ebr \u201cBota sot\u201d.<\/p>\n\n\n\n<p><\/p>\n","protected":false},"excerpt":{"rendered":"<p>Nj&euml; num&euml;r i madh qytetar&euml;sh u mblodh&euml;n mbr&euml;m&euml; para televizionit shtet&euml;ror t&euml; Serbis&euml; n&euml; shenj&euml; mb&euml;shtetje me protestat e student&euml;ve pas shembjes s&euml; tend&euml;s n&euml; Novi Sad, por edhe n&euml; shenj&euml; pak&euml;naq&euml;sie me raportimin jo objektiv t&euml; RTS.Analisti Driton Tali ka th&euml;n&euml; se protesta jan&euml; edhe p&euml;r korrupsionin edhe m&euml; shum&euml; nga m&euml;nyrat dhe e [&hellip;]<\/p>\n","protected":false},"author":2,"featured_media":40228,"comment_status":"open","ping_status":"closed","sticky":false,"template":"","format":"standard","meta":{"_monsterinsights_skip_tracking":false,"_monsterinsights_sitenote_active":false,"_monsterinsights_sitenote_note":"","_monsterinsights_sitenote_category":0,"footnotes":""},"categories":[576],"tags":[],"class_list":["post-40227","post","type-post","status-publish","format-standard","has-post-thumbnail","hentry","category-rajoni"],"_links":{"self":[{"href":"https:\/\/radiojehona.mk\/index.php?rest_route=\/wp\/v2\/posts\/40227","targetHints":{"allow":["GET"]}}],"collection":[{"href":"https:\/\/radiojehona.mk\/index.php?rest_route=\/wp\/v2\/posts"}],"about":[{"href":"https:\/\/radiojehona.mk\/index.php?rest_route=\/wp\/v2\/types\/post"}],"author":[{"embeddable":true,"href":"https:\/\/radiojehona.mk\/index.php?rest_route=\/wp\/v2\/users\/2"}],"replies":[{"embeddable":true,"href":"https:\/\/radiojehona.mk\/index.php?rest_route=%2Fwp%2Fv2%2Fcomments&post=40227"}],"version-history":[{"count":2,"href":"https:\/\/radiojehona.mk\/index.php?rest_route=\/wp\/v2\/posts\/40227\/revisions"}],"predecessor-version":[{"id":40230,"href":"https:\/\/radiojehona.mk\/index.php?rest_route=\/wp\/v2\/posts\/40227\/revisions\/40230"}],"wp:featuredmedia":[{"embeddable":true,"href":"https:\/\/radiojehona.mk\/index.php?rest_route=\/wp\/v2\/media\/40228"}],"wp:attachment":[{"href":"https:\/\/radiojehona.mk\/index.php?rest_route=%2Fwp%2Fv2%2Fmedia&parent=40227"}],"wp:term":[{"taxonomy":"category","embeddable":true,"href":"https:\/\/radiojehona.mk\/index.php?rest_route=%2Fwp%2Fv2%2Fcategories&post=40227"},{"taxonomy":"post_tag","embeddable":true,"href":"https:\/\/radiojehona.mk\/index.php?rest_route=%2Fwp%2Fv2%2Ftags&post=40227"}],"curies":[{"name":"wp","href":"https:\/\/api.w.org\/{rel}","templated":true}]}}