{"id":40219,"date":"2025-01-18T17:29:00","date_gmt":"2025-01-18T17:29:00","guid":{"rendered":"https:\/\/radiojehona.com\/?p=40219"},"modified":"2025-01-18T17:29:00","modified_gmt":"2025-01-18T17:29:00","slug":"arrestohet-rade-trajkovski-shteklli-i-dyshuar-per-tregti-me-droge","status":"publish","type":"post","link":"https:\/\/radiojehona.mk\/?p=40219","title":{"rendered":"Arrestohet Rade Trajkovski Shteklli, i dyshuar p\u00ebr tregti me drog\u00eb"},"content":{"rendered":"\n<figure class=\"wp-block-image size-large\"><img fetchpriority=\"high\" decoding=\"async\" width=\"1024\" height=\"599\" src=\"https:\/\/radiojehona.com\/wp-content\/uploads\/2025\/01\/IMG_0455-1024x599.jpeg\" alt=\"\" class=\"wp-image-40220\" srcset=\"https:\/\/radiojehona.mk\/wp-content\/uploads\/2025\/01\/IMG_0455-1024x599.jpeg 1024w, https:\/\/radiojehona.mk\/wp-content\/uploads\/2025\/01\/IMG_0455-300x175.jpeg 300w, https:\/\/radiojehona.mk\/wp-content\/uploads\/2025\/01\/IMG_0455-768x449.jpeg 768w, https:\/\/radiojehona.mk\/wp-content\/uploads\/2025\/01\/IMG_0455.jpeg 1125w\" sizes=\"(max-width: 1024px) 100vw, 1024px\" \/><\/figure>\n\n\n\n<p>\u00cbsht\u00eb arrestuar Rade Trajkovski Shteklli, i cili dyshohet p\u00ebr tregti me drog\u00eb \u2013 m\u00ebson tv21 nga burime brenda policis\u00eb s\u00eb Maqedonis\u00eb.<\/p>\n\n\n\n<p>Ai ka udh\u00ebhequr grupin e mbi dhjet\u00ebra an\u00ebtar\u00ebve t\u00eb cil\u00ebt merreshin me mjete narkotike.<\/p>\n\n\n\n<p>MPB dhe Biroja p\u00ebr siguri publike jan\u00eb n\u00eb k\u00ebrkim t\u00eb arrestimit t\u00eb gjith\u00eb grupit t\u00eb tij.<\/p>\n\n\n\n<p>Shteklli, si\u00e7 b\u00ebjn\u00eb t\u00eb ditura burimet e nj\u00ebjta \u00ebsht\u00eb arrestuar teksa p\u00ebrpiqej t\u00eb arratiset, n\u00eb af\u00ebrsi t\u00eb nj\u00eb hoteli n\u00eb rrethin\u00eb t\u00eb Gjevgjelis\u00eb.<\/p>\n\n\n\n<p>N\u00eb lidhje me k\u00ebt\u00eb aksion t\u00eb policis\u00eb, nj\u00eb polici i \u00ebsht\u00eb konfiskuar celulari pasi dyshohet se ka dh\u00ebn\u00eb informacione q\u00eb lidhet me grupet \u201cBaron\u201d, \u201cBellanoca\u201d, \u201cG\u00ebr\u00e7ec\u201d dhe Shtekllin.<\/p>\n\n\n\n<p>Ai ka qen\u00eb i p\u00ebrfshir\u00eb edhe n\u00eb disa p\u00ebrleshje mes narko-grupeve n\u00eb Shkup dhe ndaj tij disa her\u00eb u b\u00eb atentat.<\/p>\n\n\n\n<p>Ky aksion i MPB vjen pas shkat\u00ebrrimit t\u00eb grupit t\u00eb Hara\u00e7in\u00ebs \u2013 Bellanoca.<\/p>\n","protected":false},"excerpt":{"rendered":"<p>&Euml;sht&euml; arrestuar Rade Trajkovski Shteklli, i cili dyshohet p&euml;r tregti me drog&euml; &ndash; m&euml;son tv21 nga burime brenda policis&euml; s&euml; Maqedonis&euml;. Ai ka udh&euml;hequr grupin e mbi dhjet&euml;ra an&euml;tar&euml;ve t&euml; cil&euml;t merreshin me mjete narkotike. MPB dhe Biroja p&euml;r siguri publike jan&euml; n&euml; k&euml;rkim t&euml; arrestimit t&euml; gjith&euml; grupit t&euml; tij. Shteklli, si&ccedil; b&euml;jn&euml; t&euml; [&hellip;]<\/p>\n","protected":false},"author":2,"featured_media":40220,"comment_status":"open","ping_status":"closed","sticky":false,"template":"","format":"standard","meta":{"_monsterinsights_skip_tracking":false,"_monsterinsights_sitenote_active":false,"_monsterinsights_sitenote_note":"","_monsterinsights_sitenote_category":0,"footnotes":""},"categories":[1],"tags":[],"class_list":["post-40219","post","type-post","status-publish","format-standard","has-post-thumbnail","hentry","category-vendi"],"_links":{"self":[{"href":"https:\/\/radiojehona.mk\/index.php?rest_route=\/wp\/v2\/posts\/40219","targetHints":{"allow":["GET"]}}],"collection":[{"href":"https:\/\/radiojehona.mk\/index.php?rest_route=\/wp\/v2\/posts"}],"about":[{"href":"https:\/\/radiojehona.mk\/index.php?rest_route=\/wp\/v2\/types\/post"}],"author":[{"embeddable":true,"href":"https:\/\/radiojehona.mk\/index.php?rest_route=\/wp\/v2\/users\/2"}],"replies":[{"embeddable":true,"href":"https:\/\/radiojehona.mk\/index.php?rest_route=%2Fwp%2Fv2%2Fcomments&post=40219"}],"version-history":[{"count":2,"href":"https:\/\/radiojehona.mk\/index.php?rest_route=\/wp\/v2\/posts\/40219\/revisions"}],"predecessor-version":[{"id":40222,"href":"https:\/\/radiojehona.mk\/index.php?rest_route=\/wp\/v2\/posts\/40219\/revisions\/40222"}],"wp:featuredmedia":[{"embeddable":true,"href":"https:\/\/radiojehona.mk\/index.php?rest_route=\/wp\/v2\/media\/40220"}],"wp:attachment":[{"href":"https:\/\/radiojehona.mk\/index.php?rest_route=%2Fwp%2Fv2%2Fmedia&parent=40219"}],"wp:term":[{"taxonomy":"category","embeddable":true,"href":"https:\/\/radiojehona.mk\/index.php?rest_route=%2Fwp%2Fv2%2Fcategories&post=40219"},{"taxonomy":"post_tag","embeddable":true,"href":"https:\/\/radiojehona.mk\/index.php?rest_route=%2Fwp%2Fv2%2Ftags&post=40219"}],"curies":[{"name":"wp","href":"https:\/\/api.w.org\/{rel}","templated":true}]}}