{"id":40215,"date":"2025-01-18T12:16:52","date_gmt":"2025-01-18T12:16:52","guid":{"rendered":"https:\/\/radiojehona.com\/?p=40215"},"modified":"2025-01-18T17:23:57","modified_gmt":"2025-01-18T17:23:57","slug":"vlen-nder-i-vecante-ftesa-e-lidereve-te-vlen-it-ne-inaugurimin-e-presidentit-trump","status":"publish","type":"post","link":"https:\/\/radiojehona.mk\/?p=40215","title":{"rendered":"VLEN: nder i ve\u00e7ant\u00eb ftesa e lider\u00ebve t\u00eb VLEN-it n\u00eb inaugurimin e presidentit Trump"},"content":{"rendered":"\n<figure class=\"wp-block-image size-full\"><img fetchpriority=\"high\" decoding=\"async\" width=\"800\" height=\"497\" src=\"https:\/\/radiojehona.com\/wp-content\/uploads\/2024\/12\/vlen-.jpeg\" alt=\"\" class=\"wp-image-39420\" srcset=\"https:\/\/radiojehona.mk\/wp-content\/uploads\/2024\/12\/vlen-.jpeg 800w, https:\/\/radiojehona.mk\/wp-content\/uploads\/2024\/12\/vlen--300x186.jpeg 300w, https:\/\/radiojehona.mk\/wp-content\/uploads\/2024\/12\/vlen--768x477.jpeg 768w\" sizes=\"(max-width: 800px) 100vw, 800px\" \/><\/figure>\n\n\n\n<p>Me k\u00ebnaq\u00ebsi dhe krenari t\u00eb lart\u00eb informojm\u00eb publikun e gj\u00ebr\u00eb p\u00ebr nderin q\u00eb i \u00ebsht\u00eb b\u00ebr\u00eb lider\u00ebve t\u00eb koalicionit m\u00eb t\u00eb madh shqiptar\u00eb, VLEN me \u00e7ka jan\u00eb ftuar t\u00eb marrin pjes\u00eb n\u00eb ceremonin\u00eb e inaugurimin e presidentit t\u00eb SHBA-ve, ku Donald Trump do t\u00eb jet\u00eb presidenti i 47-t\u00eb i Shteteve t\u00eb Bashkuara t\u00eb Amerik\u00ebs.<\/p>\n\n\n\n<p>Pjes\u00ebmarrja e lider\u00ebve t\u00eb VLEN-it n\u00eb k\u00ebt\u00eb ngjarje madhore \u00ebsht\u00eb d\u00ebshmi e lidhjeve t\u00eb forta q\u00eb lider\u00ebt e VLEN-it si p\u00ebrfaq\u00ebsues t\u00eb shqiptar\u00ebve n\u00eb Qeverin\u00eb e Maqedonis\u00eb s\u00eb Veriut, kan\u00eb nd\u00ebrtuar me administrat\u00ebn e re amerikane.<\/p>\n\n\n\n<p>Kjo ngjarje pasqyron nj\u00eb tjet\u00ebr hap t\u00eb r\u00ebnd\u00ebsish\u00ebm drejt forcimit t\u00eb marr\u00ebdh\u00ebnieve me SHBA-t\u00eb. Forcimi i lidhjeve mes Shkupit dhe Uashingtonit \u00ebsht\u00eb nj\u00eb garanci p\u00ebr mb\u00ebshtetjen e m\u00ebtejshme t\u00eb procesit t\u00eb integrimit evropian t\u00eb vendit ton\u00eb, p\u00ebr t\u00eb cilin lider\u00ebt e VLEN-it kan\u00eb qen\u00eb gjithmon\u00eb t\u00eb angazhuar gjat\u00eb koh\u00ebs sa ishin n\u00eb opozit\u00eb edhe tani q\u00eb jan\u00eb n\u00eb pushtet.<\/p>\n\n\n\n<p>Shtetet e Bashkuara z\u00ebn\u00eb vend t\u00eb r\u00ebnd\u00ebsish\u00ebm n\u00eb historikun e rrug\u00ebtimit t\u00eb shtetit ton\u00eb q\u00eb nga pavar\u00ebsia. SHBA-t\u00eb mb\u00ebshtesin fuqimisht aspiratat e vendit ton\u00eb p\u00ebr integrim t\u00eb plot\u00eb n\u00eb institucionet euroatlantike dhe jan\u00eb t\u00eb p\u00ebrkushtuara p\u00ebr t\u00eb ndihmuar Maqedonin\u00eb e Veriut t\u00eb veproj\u00eb p\u00ebr demokracin\u00eb gjith\u00ebp\u00ebrfshir\u00ebse dhe qeverisjen e p\u00ebrgjegjshme ndaj qytetar\u00ebve.<\/p>\n\n\n\n<p>Kontribut t\u00eb jasht\u00ebzakonsh\u00ebm SHBA-t\u00eb kan\u00eb dh\u00ebn\u00eb n\u00eb luftimin e korrupsionit dhe diskriminimit, forcimin e shtetit t\u00eb s\u00eb drejt\u00ebs, t\u00eb vazhdoj\u00eb t\u00eb nd\u00ebrtohet mbi arritjet si aleat i NATO-s, t\u00eb forcoj\u00eb ekonomin\u00eb e t\u00eb promovojn\u00eb lirin\u00eb e medias. E m\u00eb e r\u00ebnd\u00ebsishmja t\u00eb nd\u00ebrtojm\u00eb institucione m\u00eb t\u00eb m\u00ebdha demokratike n\u00eb nj\u00eb shoq\u00ebri t\u00eb plot\u00eb, gjith\u00ebp\u00ebrfshir\u00ebse, multietnike.<\/p>\n\n\n\n<p>Andaj, mbetet nder i ve\u00e7ant\u00eb ftesa dhe prezenca e lider\u00ebve t\u00eb VLEN n\u00eb ceremonin\u00eb m\u00eb t\u00eb r\u00ebnd\u00ebsishme q\u00eb mund t\u00eb ndodh\u00eb n\u00eb bot\u00eb. VLEN vazhdojn\u00eb t\u00eb jen\u00eb t\u00eb p\u00ebrkushtuar n\u00eb thellimin dhe forcimin e marr\u00ebdh\u00ebnieve me SHBA-t\u00eb.<\/p>\n","protected":false},"excerpt":{"rendered":"<p>Me k&euml;naq&euml;si dhe krenari t&euml; lart&euml; informojm&euml; publikun e gj&euml;r&euml; p&euml;r nderin q&euml; i &euml;sht&euml; b&euml;r&euml; lider&euml;ve t&euml; koalicionit m&euml; t&euml; madh shqiptar&euml;, VLEN me &ccedil;ka jan&euml; ftuar t&euml; marrin pjes&euml; n&euml; ceremonin&euml; e inaugurimin e presidentit t&euml; SHBA-ve, ku Donald Trump do t&euml; jet&euml; presidenti i 47-t&euml; i Shteteve t&euml; Bashkuara t&euml; Amerik&euml;s. Pjes&euml;marrja [&hellip;]<\/p>\n","protected":false},"author":2,"featured_media":39420,"comment_status":"open","ping_status":"closed","sticky":false,"template":"","format":"standard","meta":{"_monsterinsights_skip_tracking":false,"_monsterinsights_sitenote_active":false,"_monsterinsights_sitenote_note":"","_monsterinsights_sitenote_category":0,"footnotes":""},"categories":[1],"tags":[],"class_list":["post-40215","post","type-post","status-publish","format-standard","has-post-thumbnail","hentry","category-vendi"],"_links":{"self":[{"href":"https:\/\/radiojehona.mk\/index.php?rest_route=\/wp\/v2\/posts\/40215","targetHints":{"allow":["GET"]}}],"collection":[{"href":"https:\/\/radiojehona.mk\/index.php?rest_route=\/wp\/v2\/posts"}],"about":[{"href":"https:\/\/radiojehona.mk\/index.php?rest_route=\/wp\/v2\/types\/post"}],"author":[{"embeddable":true,"href":"https:\/\/radiojehona.mk\/index.php?rest_route=\/wp\/v2\/users\/2"}],"replies":[{"embeddable":true,"href":"https:\/\/radiojehona.mk\/index.php?rest_route=%2Fwp%2Fv2%2Fcomments&post=40215"}],"version-history":[{"count":2,"href":"https:\/\/radiojehona.mk\/index.php?rest_route=\/wp\/v2\/posts\/40215\/revisions"}],"predecessor-version":[{"id":40218,"href":"https:\/\/radiojehona.mk\/index.php?rest_route=\/wp\/v2\/posts\/40215\/revisions\/40218"}],"wp:featuredmedia":[{"embeddable":true,"href":"https:\/\/radiojehona.mk\/index.php?rest_route=\/wp\/v2\/media\/39420"}],"wp:attachment":[{"href":"https:\/\/radiojehona.mk\/index.php?rest_route=%2Fwp%2Fv2%2Fmedia&parent=40215"}],"wp:term":[{"taxonomy":"category","embeddable":true,"href":"https:\/\/radiojehona.mk\/index.php?rest_route=%2Fwp%2Fv2%2Fcategories&post=40215"},{"taxonomy":"post_tag","embeddable":true,"href":"https:\/\/radiojehona.mk\/index.php?rest_route=%2Fwp%2Fv2%2Ftags&post=40215"}],"curies":[{"name":"wp","href":"https:\/\/api.w.org\/{rel}","templated":true}]}}