{"id":40211,"date":"2025-01-18T12:15:34","date_gmt":"2025-01-18T12:15:34","guid":{"rendered":"https:\/\/radiojehona.com\/?p=40211"},"modified":"2025-01-18T12:15:34","modified_gmt":"2025-01-18T12:15:34","slug":"filipce-vmro-dpmne-po-poshteron-punetoret-dhe-ka-ulur-standardin-e-jeteses-se-qytetareve","status":"publish","type":"post","link":"https:\/\/radiojehona.mk\/?p=40211","title":{"rendered":"Filip\u00e7e: VMRO-DPMNE po posht\u00ebron pun\u00ebtor\u00ebt dhe ka ulur standardin e jetes\u00ebs s\u00eb qytetar\u00ebve"},"content":{"rendered":"\n<figure class=\"wp-block-image size-full\"><img fetchpriority=\"high\" decoding=\"async\" width=\"591\" height=\"449\" src=\"https:\/\/radiojehona.com\/wp-content\/uploads\/2025\/01\/lideri-i-ri-i-lsdm-se-filipce-jam-i-sigurt-lsdm-do-te-fitoje_6681c217860ba.png\" alt=\"\" class=\"wp-image-40212\" srcset=\"https:\/\/radiojehona.mk\/wp-content\/uploads\/2025\/01\/lideri-i-ri-i-lsdm-se-filipce-jam-i-sigurt-lsdm-do-te-fitoje_6681c217860ba.png 591w, https:\/\/radiojehona.mk\/wp-content\/uploads\/2025\/01\/lideri-i-ri-i-lsdm-se-filipce-jam-i-sigurt-lsdm-do-te-fitoje_6681c217860ba-300x228.png 300w\" sizes=\"(max-width: 591px) 100vw, 591px\" \/><\/figure>\n\n\n\n<p>\u201cMickoski dhe VMRO-DPMNE posht\u00ebruan pun\u00ebn e pun\u00ebtor\u00ebve dhe ul\u00ebn standardin e jetes\u00ebs s\u00eb qytetar\u00ebve. \u00cbsht\u00eb e pamundur q\u00eb buxheti i ri m\u00eb i madh p\u00ebr k\u00ebt\u00eb vit prej 6 miliard\u00eb euro t\u00eb mos ket\u00eb para p\u00ebr rritje t\u00eb pagave p\u00ebr pun\u00ebtor\u00ebt\u201d, tha kryetari i Lidhjes Socialdemokrate t\u00eb Maqedonis\u00eb, Venko Filip\u00e7e, i cili s\u00eb bashku me n\u00ebnkryetarin e LSDM-s\u00eb Mende Ilievski, mbr\u00ebm\u00eb mori pjes\u00eb n\u00eb konferenc\u00ebn p\u00ebr zgjedhjen e presidentit dhe an\u00ebtar\u00ebve t\u00eb Bordit Ekzekutiv dhe Mbik\u00ebqyr\u00ebs t\u00eb Organizat\u00ebs Komunale t\u00eb LSDM-s\u00eb.<\/p>\n\n\n\n<p>N\u00eb fjal\u00ebn e tij para t\u00eb pranishm\u00ebve, Filip\u00e7e theksoi se VMRO-ja n\u00eb vend q\u00eb t\u00eb vazhdoj\u00eb sistemin p\u00ebr rritje t\u00eb vazhdueshme t\u00eb pagave, t\u00eb cilin e ka futur qeveria e LSDM-s\u00eb, n\u00eb m\u00ebnyr\u00eb t\u00eb pap\u00ebrgjegjshme e ka nd\u00ebrprer\u00eb at\u00eb.<\/p>\n\n\n\n<p><strong>\u201cQeveria e ka braktisur plot\u00ebsisht sistemin e rritjes s\u00eb pagave, t\u00eb vendosur nga LSDM-ja dhe rezultati \u00ebsht\u00eb p\u00ebrkeq\u00ebsimi i standardit jet\u00ebsor t\u00eb pun\u00ebtor\u00ebve. Qytetar\u00ebt tashm\u00eb e shohin qart\u00eb k\u00ebt\u00eb. LSDM ka qen\u00eb dhe do t\u00eb jet\u00eb gjithmon\u00eb n\u00eb an\u00ebn e pun\u00ebtor\u00ebve. N\u00eb shtat\u00eb vitet e fundit, si qeveri, jemi p\u00ebrballur me krizat m\u00eb t\u00eb m\u00ebdha n\u00eb bot\u00eb, nj\u00eb pandemi t\u00eb paprecedent\u00eb sh\u00ebndet\u00ebsore dhe nj\u00eb kriz\u00eb ekonomike dhe energjitike. Por edhe n\u00eb kriza t\u00eb tilla t\u00eb r\u00ebnda, qeveria e LSDM-s\u00eb nuk i harroi pun\u00ebtor\u00ebt dhe pagat u rrit\u00ebn edhe n\u00eb kriza. N\u00eb vazhdim\u00ebsi kemi punuar p\u00ebr p\u00ebrmir\u00ebsimin e standardit jet\u00ebsor t\u00eb qytetar\u00ebve, ve\u00e7an\u00ebrisht t\u00eb pun\u00ebtor\u00ebve. Qeveria e LSDM-s\u00eb p\u00ebr her\u00eb t\u00eb par\u00eb e rriti pag\u00ebn minimale n\u00eb vend p\u00ebr 100 p\u00ebr qind n\u00eb krahasim me vitin 2016, gjegj\u00ebsisht n\u00eb 22.567 denar\u00eb aktual, nd\u00ebrsa neto paga mesatare mujore prej 22.460 denar\u00eb u rrit n\u00eb 42.000 denar\u00eb, tha Filip\u00e7e.<\/strong><\/p>\n\n\n\n<p>Ai shtoi se \u00ebsht\u00eb e turpshme t\u00eb kesh buxhetin m\u00eb t\u00eb madh,6 miliard\u00eb euro dhe t\u00eb mos kesh para p\u00ebr rritje pagash.<\/p>\n","protected":false},"excerpt":{"rendered":"<p>&ldquo;Mickoski dhe VMRO-DPMNE posht&euml;ruan pun&euml;n e pun&euml;tor&euml;ve dhe ul&euml;n standardin e jetes&euml;s s&euml; qytetar&euml;ve. &Euml;sht&euml; e pamundur q&euml; buxheti i ri m&euml; i madh p&euml;r k&euml;t&euml; vit prej 6 miliard&euml; euro t&euml; mos ket&euml; para p&euml;r rritje t&euml; pagave p&euml;r pun&euml;tor&euml;t&rdquo;, tha kryetari i Lidhjes Socialdemokrate t&euml; Maqedonis&euml;, Venko Filip&ccedil;e, i cili s&euml; bashku me [&hellip;]<\/p>\n","protected":false},"author":2,"featured_media":40212,"comment_status":"open","ping_status":"closed","sticky":false,"template":"","format":"standard","meta":{"_monsterinsights_skip_tracking":false,"_monsterinsights_sitenote_active":false,"_monsterinsights_sitenote_note":"","_monsterinsights_sitenote_category":0,"footnotes":""},"categories":[1],"tags":[],"class_list":["post-40211","post","type-post","status-publish","format-standard","has-post-thumbnail","hentry","category-vendi"],"_links":{"self":[{"href":"https:\/\/radiojehona.mk\/index.php?rest_route=\/wp\/v2\/posts\/40211","targetHints":{"allow":["GET"]}}],"collection":[{"href":"https:\/\/radiojehona.mk\/index.php?rest_route=\/wp\/v2\/posts"}],"about":[{"href":"https:\/\/radiojehona.mk\/index.php?rest_route=\/wp\/v2\/types\/post"}],"author":[{"embeddable":true,"href":"https:\/\/radiojehona.mk\/index.php?rest_route=\/wp\/v2\/users\/2"}],"replies":[{"embeddable":true,"href":"https:\/\/radiojehona.mk\/index.php?rest_route=%2Fwp%2Fv2%2Fcomments&post=40211"}],"version-history":[{"count":2,"href":"https:\/\/radiojehona.mk\/index.php?rest_route=\/wp\/v2\/posts\/40211\/revisions"}],"predecessor-version":[{"id":40214,"href":"https:\/\/radiojehona.mk\/index.php?rest_route=\/wp\/v2\/posts\/40211\/revisions\/40214"}],"wp:featuredmedia":[{"embeddable":true,"href":"https:\/\/radiojehona.mk\/index.php?rest_route=\/wp\/v2\/media\/40212"}],"wp:attachment":[{"href":"https:\/\/radiojehona.mk\/index.php?rest_route=%2Fwp%2Fv2%2Fmedia&parent=40211"}],"wp:term":[{"taxonomy":"category","embeddable":true,"href":"https:\/\/radiojehona.mk\/index.php?rest_route=%2Fwp%2Fv2%2Fcategories&post=40211"},{"taxonomy":"post_tag","embeddable":true,"href":"https:\/\/radiojehona.mk\/index.php?rest_route=%2Fwp%2Fv2%2Ftags&post=40211"}],"curies":[{"name":"wp","href":"https:\/\/api.w.org\/{rel}","templated":true}]}}