{"id":40208,"date":"2025-01-18T12:14:53","date_gmt":"2025-01-18T12:14:53","guid":{"rendered":"https:\/\/radiojehona.com\/?p=40208"},"modified":"2025-01-18T12:14:53","modified_gmt":"2025-01-18T12:14:53","slug":"mickoski-niset-per-ne-shba-pjesemarres-ne-inaugurimin-e-presidentit-trump","status":"publish","type":"post","link":"https:\/\/radiojehona.mk\/?p=40208","title":{"rendered":"Mickoski niset p\u00ebr n\u00eb SHBA, pjes\u00ebmarr\u00ebs n\u00eb inaugurimin e presidentit Trump"},"content":{"rendered":"\n<figure class=\"wp-block-image size-full\"><img fetchpriority=\"high\" decoding=\"async\" width=\"1000\" height=\"697\" src=\"https:\/\/radiojehona.com\/wp-content\/uploads\/2025\/01\/mickovski.jpg\" alt=\"\" class=\"wp-image-40209\" srcset=\"https:\/\/radiojehona.mk\/wp-content\/uploads\/2025\/01\/mickovski.jpg 1000w, https:\/\/radiojehona.mk\/wp-content\/uploads\/2025\/01\/mickovski-300x209.jpg 300w, https:\/\/radiojehona.mk\/wp-content\/uploads\/2025\/01\/mickovski-768x535.jpg 768w\" sizes=\"(max-width: 1000px) 100vw, 1000px\" \/><\/figure>\n\n\n\n<p>Kryeministri i vendit, Hristijan Mickoski sot pritet t\u00eb niset p\u00ebr n\u00eb Shtetet e Bashkuara t\u00eb Amerik\u00ebs, ku m\u00eb 20 janar do t\u00eb marr\u00eb pjes\u00eb n\u00eb inaugurimin e presidentit t\u00eb sapozgjedhur amerikan, Donald Tramp, n\u00eb Uashington. M\u00eb 20 janar, sipas njoftimit t\u00eb qeveris\u00eb, Mickoski do t\u00eb marr\u00eb pjes\u00eb edhe n\u00eb ceremonin\u00eb e titulluar \u201cZ\u00ebrat e liris\u00eb\u201d q\u00eb do t\u00eb mbahet pas inaugurimit t\u00eb organizuar nga kompanit\u00eb Trmp Media dhe Rumple.<\/p>\n\n\n\n<p>\u00cbsht\u00eb paralajm\u00ebruar se gjat\u00eb q\u00ebndrimit n\u00eb Uashington, kryeministri i Maqedonis\u00eb do t\u00eb takohet me Hauard Lutnik, bashk\u00ebkryetar i ekipit t\u00eb tranzicionit t\u00eb Presidentit Donald Tramp dhe minist\u00ebr i Tregtis\u00eb, Devin Nunes, kryesues me organin k\u00ebshillues t\u00eb inteligjenc\u00ebs s\u00eb Trampit dhe drejtor ekzekutiv i korporat\u00ebs mediatke Tramp dhe me drejtorin ekzekutiv t\u00eb Rumble, Kris Pavlovski. Nga Qeveria theksojn\u00eb se jan\u00eb t\u00eb mundshme edhe takime t\u00eb tjera.<\/p>\n\n\n\n<p>Vizit\u00ebn e tij n\u00eb SHBA dhe pjes\u00ebmarrjen n\u00eb inaugurimin e Trampit, kryeministri Mickoski, fillimisht e paralajm\u00ebroi n\u00eb intervist\u00ebn e Vitit t\u00eb ri p\u00ebr MIA-n. N\u00eb at\u00eb koh\u00eb ai tha se m\u00eb 18 janar, do t\u00eb niset p\u00ebr vizit\u00eb n\u00eb Shtetet e Bashkuara Amerikane dy dit\u00eb para inaugurimit t\u00eb presidentit t\u00eb sapozgjedhur amerikan Tramp.<\/p>\n\n\n\n<p>\u201cP\u00ebrve\u00e7 Brukselit, Uashingtoni \u00ebsht\u00eb nj\u00eb vend jasht\u00ebzakonisht i r\u00ebnd\u00ebsish\u00ebm p\u00ebr ne si vend dhe p\u00ebr ne si qeveri. Do t\u00eb kem v\u00ebrtet takime cil\u00ebsore nga ajo q\u00eb \u00ebsht\u00eb r\u00ebn\u00eb dakord deri m\u00eb tani me drejtuesit e administrat\u00ebs n\u00eb Uashington dhe pres t\u00eb t\u00ebrheq v\u00ebmendjen dhe ata do ta shohin Ballkanin me nj\u00eb sy tjet\u00ebr. S\u00eb pari duhet t\u00eb t\u00ebrheqim v\u00ebmendjen rajonalisht, dometh\u00ebn\u00eb optika e Uashingtonit na shikon si nj\u00eb rajon, jo si nj\u00eb individ n\u00eb at\u00eb rajon. Po, nj\u00eb individ i r\u00ebnd\u00ebsish\u00ebm, nj\u00eb udh\u00ebkryq natyror, zemra e Ballkanit, por gjithsesi n\u00ebse e shikojm\u00eb Ballkanin n\u00eb t\u00ebr\u00ebsi, si rajon, at\u00ebher\u00eb p\u00ebrmes optik\u00ebs s\u00eb Uashingtonit mund t\u2019i shohim gj\u00ebrat m\u00eb mir\u00eb dhe un\u00eb dua t\u2019i paraqes t\u00eb gjitha k\u00ebto atje, cilat jan\u00eb avantazhet q\u00eb ne si nj\u00eb vend i vog\u00ebl, nj\u00eb vend i bukur n\u00eb zem\u00ebr t\u00eb Ballkanit i ofrojm\u00eb, por edhe cilat jan\u00eb sfidat p\u00ebr rajonin\u201d, tha Mickoski n\u00eb intervist\u00ebn.<\/p>\n\n\n\n<p>N\u00eb nj\u00eb koment n\u00eb pyetjen e gazetar\u00ebve pasi presidenti amerikan Donald Tramp e em\u00ebroi Hauard Lutnik si Sekretar t\u00eb Tregtis\u00eb n\u00eb Qeverin\u00eb amerikane, kryeministri deklaroi se pret momente pozitive nga bashk\u00ebpunimi nd\u00ebrshtet\u00ebror mes vendit dhe SHBA-s\u00eb dhe se Lutnik do t\u2019i shtoj\u00eb vler\u00eb ekonomis\u00eb amerikane, globale, nd\u00ebrsa me k\u00ebt\u00eb edhe ekonomis\u00eb s\u00eb Maqedonis\u00eb.<\/p>\n\n\n\n<p>\u201cPo, ju kujtohet kur Hauard Lutnik ishte k\u00ebtu n\u00eb Shkup n\u00eb Qeveri. Diskutuam shum\u00eb tema dhe kemi nj\u00eb miq\u00ebsi personale. Pres sigurisht vet\u00ebm momente pozitive nga bashk\u00ebpunimi yn\u00eb i ardhsh\u00ebm nd\u00ebrshtet\u00ebror si partner\u00eb strategjik\u00eb. Jam i bindur se do t\u00eb sjell\u00eb vler\u00eb t\u00eb shtuar jo vet\u00ebm p\u00ebr ekonomin\u00eb amerikane, por edhe p\u00ebr at\u00eb bot\u00ebrore, dhe kjo do t\u00eb jet\u00eb pozitive edhe p\u00ebr ekonomin\u00eb e RMV-s\u00eb. Natyrisht, e p\u00ebrg\u00ebzova dhe pres vet\u00ebm vler\u00eb t\u00eb shtuar. A ju kujtohet kur ishin mysafir\u00eb k\u00ebtu n\u00eb Qeveri, kishte nga ata q\u00eb nuk e komentuan shum\u00eb pozitivisht? \u00cbsht\u00eb mir\u00eb q\u00eb si qeveri kemi miq n\u00eb ekonomin\u00eb m\u00eb t\u00eb fuqishme n\u00eb bot\u00eb, ekonomin\u00eb amerikane, kemi njeriun e par\u00eb q\u00eb udh\u00ebheq ekonomin\u00eb m\u00eb t\u00eb fuqishme n\u00eb bot\u00eb me m\u00eb shum\u00eb se 28, 29 trilion\u00eb prodhim t\u00eb brendsh\u00ebm bruto dhe si\u00e7 thash, jam i bindur se kjo mund t\u00eb sjell\u00eb \u201cvet\u00ebm lajme pozitive p\u00ebr sip\u00ebrmarr\u00ebsit e vendit ton\u00eb, por edhe p\u00ebr qytetar\u00ebt ton\u00eb gjithashtu\u201d, tha at\u00ebher\u00eb kryeministri.<\/p>\n\n\n\n<p>Kryeministri shtoi se edhe tani ka nj\u00eb num\u00ebr t\u00eb madh t\u00eb kompanive amerikane q\u00eb tashm\u00eb jan\u00eb t\u00eb pranishme me investimet e tyre k\u00ebtu, q\u00eb pun\u00ebsojn\u00eb qytetar\u00eb t\u00eb Maqedonis\u00eb dhe prodhojn\u00eb produkte t\u00eb Maqedonis\u00eb q\u00eb p\u00ebrdoren n\u00eb tregun amerikan.<\/p>\n","protected":false},"excerpt":{"rendered":"<p>Kryeministri i vendit, Hristijan Mickoski sot pritet t&euml; niset p&euml;r n&euml; Shtetet e Bashkuara t&euml; Amerik&euml;s, ku m&euml; 20 janar do t&euml; marr&euml; pjes&euml; n&euml; inaugurimin e presidentit t&euml; sapozgjedhur amerikan, Donald Tramp, n&euml; Uashington. M&euml; 20 janar, sipas njoftimit t&euml; qeveris&euml;, Mickoski do t&euml; marr&euml; pjes&euml; edhe n&euml; ceremonin&euml; e titulluar &ldquo;Z&euml;rat e liris&euml;&rdquo; [&hellip;]<\/p>\n","protected":false},"author":2,"featured_media":40209,"comment_status":"open","ping_status":"closed","sticky":false,"template":"","format":"standard","meta":{"_monsterinsights_skip_tracking":false,"_monsterinsights_sitenote_active":false,"_monsterinsights_sitenote_note":"","_monsterinsights_sitenote_category":0,"footnotes":""},"categories":[1],"tags":[],"class_list":["post-40208","post","type-post","status-publish","format-standard","has-post-thumbnail","hentry","category-vendi"],"_links":{"self":[{"href":"https:\/\/radiojehona.mk\/index.php?rest_route=\/wp\/v2\/posts\/40208","targetHints":{"allow":["GET"]}}],"collection":[{"href":"https:\/\/radiojehona.mk\/index.php?rest_route=\/wp\/v2\/posts"}],"about":[{"href":"https:\/\/radiojehona.mk\/index.php?rest_route=\/wp\/v2\/types\/post"}],"author":[{"embeddable":true,"href":"https:\/\/radiojehona.mk\/index.php?rest_route=\/wp\/v2\/users\/2"}],"replies":[{"embeddable":true,"href":"https:\/\/radiojehona.mk\/index.php?rest_route=%2Fwp%2Fv2%2Fcomments&post=40208"}],"version-history":[{"count":1,"href":"https:\/\/radiojehona.mk\/index.php?rest_route=\/wp\/v2\/posts\/40208\/revisions"}],"predecessor-version":[{"id":40210,"href":"https:\/\/radiojehona.mk\/index.php?rest_route=\/wp\/v2\/posts\/40208\/revisions\/40210"}],"wp:featuredmedia":[{"embeddable":true,"href":"https:\/\/radiojehona.mk\/index.php?rest_route=\/wp\/v2\/media\/40209"}],"wp:attachment":[{"href":"https:\/\/radiojehona.mk\/index.php?rest_route=%2Fwp%2Fv2%2Fmedia&parent=40208"}],"wp:term":[{"taxonomy":"category","embeddable":true,"href":"https:\/\/radiojehona.mk\/index.php?rest_route=%2Fwp%2Fv2%2Fcategories&post=40208"},{"taxonomy":"post_tag","embeddable":true,"href":"https:\/\/radiojehona.mk\/index.php?rest_route=%2Fwp%2Fv2%2Ftags&post=40208"}],"curies":[{"name":"wp","href":"https:\/\/api.w.org\/{rel}","templated":true}]}}