{"id":40200,"date":"2025-01-18T12:12:55","date_gmt":"2025-01-18T12:12:55","guid":{"rendered":"https:\/\/radiojehona.com\/?p=40200"},"modified":"2025-01-18T12:12:55","modified_gmt":"2025-01-18T12:12:55","slug":"vlen-pergatit-ligj-per-uck-ne-bexheti-keqperdorim-per-fushate-zgjedhore","status":"publish","type":"post","link":"https:\/\/radiojehona.mk\/?p=40200","title":{"rendered":"VLEN p\u00ebrgatit ligj p\u00ebr U\u00c7K-n\u00eb\/ Bexheti: Keqp\u00ebrdorim p\u00ebr fushat\u00eb zgjedhore"},"content":{"rendered":"\n<figure class=\"wp-block-image size-full\"><img fetchpriority=\"high\" decoding=\"async\" width=\"860\" height=\"860\" src=\"https:\/\/radiojehona.com\/wp-content\/uploads\/2025\/01\/vlen-bdi.webp\" alt=\"\" class=\"wp-image-40201\" srcset=\"https:\/\/radiojehona.mk\/wp-content\/uploads\/2025\/01\/vlen-bdi.webp 860w, https:\/\/radiojehona.mk\/wp-content\/uploads\/2025\/01\/vlen-bdi-300x300.webp 300w, https:\/\/radiojehona.mk\/wp-content\/uploads\/2025\/01\/vlen-bdi-150x150.webp 150w, https:\/\/radiojehona.mk\/wp-content\/uploads\/2025\/01\/vlen-bdi-768x768.webp 768w, https:\/\/radiojehona.mk\/wp-content\/uploads\/2025\/01\/vlen-bdi-250x250.webp 250w\" sizes=\"(max-width: 860px) 100vw, 860px\" \/><\/figure>\n\n\n\n<p><a href=\"https:\/\/www.facebook.com\/sharer.php?u=https%3A%2F%2F3shi.net%2Fvlen-pergatit-ligj-per-uck-ne-bexheti-keqperdorim-per-fushate-zgjedhore%2F\"><br><\/a><a href=\"https:\/\/twitter.com\/intent\/tweet?text=VLEN+p%C3%ABrgatit+ligj+p%C3%ABr+U%C3%87K-n%C3%AB%2F+Bexheti%3A+Keqp%C3%ABrdorim+p%C3%ABr+fushat%C3%AB+zgjedhore&amp;url=https%3A%2F%2F3shi.net%2Fvlen-pergatit-ligj-per-uck-ne-bexheti-keqperdorim-per-fushate-zgjedhore%2F&amp;via=3SHI.NET\"><\/a><a href=\"whatsapp:\/\/send?text=VLEN+p%C3%ABrgatit+ligj+p%C3%ABr+U%C3%87K-n%C3%AB%2F+Bexheti%3A+Keqp%C3%ABrdorim+p%C3%ABr+fushat%C3%AB+zgjedhore%20%E2%98%9E%20https%3A%2F%2F3shi.net%2Fvlen-pergatit-ligj-per-uck-ne-bexheti-keqperdorim-per-fushate-zgjedhore%2F\" target=\"_blank\" rel=\"noreferrer noopener\"><\/a><a href=\"https:\/\/3shi.net\/vlen-pergatit-ligj-per-uck-ne-bexheti-keqperdorim-per-fushate-zgjedhore\/#\"><\/a><\/p>\n\n\n\n<p>Nuk ka afat konkret, megjithat\u00eb, para deputet\u00ebve n\u00eb Kuvend, brenda k\u00ebtij viti mund t\u00eb jet\u00eb edhe ligji p\u00ebr ish ushtar\u00ebt e Ushtris\u00eb \u00c7lirimtare Komb\u00ebtare dhe veteran\u00ebt e saj.<\/p>\n\n\n\n<p>Nj\u00eb gj\u00eb t\u00eb till\u00eb e paralajm\u00ebron deputeti i koalicionit VLEN, Rijad Shaqiri, i cili p\u00ebr Klan Maqedoni deklaron se jan\u00eb dy verzione, nj\u00ebri i p\u00ebrbashk\u00ebt me \u201cBranitellat\u201d e tjetri ekskluziv p\u00ebr veteran\u00ebt dhe ish ushtar\u00ebt e U\u00c7K-s\u00eb.<\/p>\n\n\n\n<p>Shaqiri ka njoftuar se drafti i ligjit ve\u00e7m\u00eb ka filluar t\u00eb p\u00ebrpunohet brenda koalicionit VLEN megjithat\u00eb p\u00ebr t\u00eb nj\u00ebjtin pritet q\u00eb VLEN t\u00eb flas\u00eb edhe me partner\u00ebt e koalicionit, VMRO-DPMNE dhe ZNAM.<\/p>\n\n\n\n<p>\u201c\u00cbsht\u00eb nj\u00eb draft version i ligjit t\u00eb cilin jemi duke e punuar d.m.th, bashkasrisht me grupin parlamentar t\u00eb koalicionit VLEN, iniciativa ka qen\u00eb e imja. \u00cbsht\u00eb ligji i cili \u00ebsht\u00eb gjith\u00eb-p\u00ebrfshir\u00ebs, i kemi shqyrtuar dy mund\u00ebsi t\u00eb k\u00ebtij ligji, nj\u00eb ligj t\u00eb p\u00ebrbashk\u00ebt edhe me \u201cBranitellat\u201d ku do t\u00eb inkorporohen edhe ish ushtar\u00ebt e Ushtris\u00eb \u00c7lirimtare Komb\u00ebtare apo realisht, t\u00eb d\u00ebmtuarit nga lufta e 2001-shit. Verzioni tjet\u00ebr \u00ebsht\u00eb version ve\u00e7mas p\u00ebr ish ushtar\u00ebt e U\u00c7K-s\u00eb. Nuk \u00ebsht\u00eb di\u00e7ka e re, por \u00ebsht\u00eb n\u00eb p\u00ebrpunim e sip\u00ebr. N\u00eb at\u00eb ligj ng\u00ebrthehen t\u00eb drejtat e barabarta p\u00ebr t\u00eb gjith\u00eb ata t\u00eb cil\u00ebt kan\u00eb qen\u00eb t\u00eb involvuar n\u00eb konfliktin e 2001-shit, sikur p\u00ebr forcat mbrojt\u00ebse ashtu edhe p\u00ebr ish ushtar\u00ebt e U\u00c7K-s\u00eb dhe familjet e tyre\u201d \u2013 tha Rijad Shaqiri, VLEN.<\/p>\n\n\n\n<p>P\u00ebr Blerim Bexhetin, p\u00ebrfaq\u00ebsuesit e VLEN-it, jan\u00eb shum\u00eb jo serioz. Sipas tij, koalicioni shqiptar brenda nj\u00eb periudhe ka premtuar, ligj p\u00ebr p\u00ebrfaq\u00ebsim t\u00eb drejt\u00eb, integrime n\u00eb BE dhe shum\u00eb gj\u00ebra tjera, megjithat\u00eb nuk ka realizuar asgj\u00eb.<\/p>\n\n\n\n<p>Shton se p\u00ebrfaq\u00ebsuesit e VLEN-it nuk e thon\u00eb n\u00eb mbr\u00ebmje at\u00eb q\u00eb e thon\u00eb n\u00eb m\u00ebngjes. Thot\u00eb se ky paralajm\u00ebrim vjen p\u00ebr t\u00eb marr\u00eb ndonj\u00eb vot\u00eb m\u00eb tep\u00ebr n\u00eb zgjedhje lokale, sepse deklaron se populli do ta d\u00ebnoj\u00eb VLEN-in.<\/p>\n\n\n\n<p>\u201cAta deklaruan q\u00eb nuk preket gjuha shqipe, procesi n\u00eb gjykat\u00ebn kushtetuese po vazhdon edhe m\u00eb tutje me dinamik\u00eb q\u00eb e dikton kryetari i Gjykat\u00ebs Kushtetuese dhe iniciator\u00ebt, nj\u00eb nd\u00ebr ta edhe VMRO-DPMNE-ja. Ata deklaruan se s`ka bir\u00eb nane q\u00eb e prek flamurin, u p\u00ebrdhos flamuri shqiptar. Ata shum\u00eb gj\u00ebra kan\u00eb deklaruar, un\u00eb i kuptoj, pasi q\u00eb pyet\u00ebt cili \u00ebsht\u00eb opinioni, komenti se a do i mb\u00ebshtesim, nuk mund t\u2019i mb\u00ebshtesim ne n\u00eb k\u00ebt\u00eb vazalitet ekstrem t\u00eb skajsh\u00ebm q\u00eb kan\u00eb, sepse nuk do t\u00eb mund t\u00eb ikin nga ballafaqimi me popullat\u00ebn, jan\u00eb t\u00eb vet\u00ebdijsh\u00ebm q\u00eb zgjedhjet lokale jan\u00eb af\u00ebr dhe gjithnj\u00eb, premtojn\u00eb p\u00ebr 3-4 muaj\u201d \u2013 tha Blerim Bexheti, BDI.<\/p>\n\n\n\n<p>P\u00ebr draft ligjin e paralajm\u00ebruar nga VLEN, Klan Maqedoni, foli edhe me deputetin shqiptar t\u00eb LSDM-s\u00eb nj\u00ebherit edhe zv. Koordinatorin e Grupit Parlamentar t\u00eb LSDM-s\u00eb, n\u00eb Kuvend, Fatmir Bytiqin.<\/p>\n\n\n\n<p>Ai tha se do t\u00eb jet\u00eb i pari q\u00eb do t\u00eb mb\u00ebshtes\u00eb nj\u00eb propozim ligj t\u00eb till\u00eb, n\u00ebse i nj\u00ebjti \u00ebsht\u00eb zgjidhje e duhur. Thot\u00eb se LSDM-ja \u00ebsht\u00eb e hapur p\u00ebr t\u00eb zhb\u00ebr\u00eb \u00e7do t\u00eb padrejt\u00eb q\u00eb \u00ebsht\u00eb b\u00ebr\u00eb 20 vite m\u00eb par\u00eb.<\/p>\n\n\n\n<p>Mendoj se i takon partis\u00eb e cila ishte nj\u00eb nd\u00ebr iniciatore e konfliktit, ajo \u00ebsht\u00eb VMRO-DPMNE-ja q\u00eb t\u00eb del me nj\u00eb ligj t\u00eb till\u00eb, patjet\u00ebr q\u00eb do t\u00eb jem\u00eb i pari q\u00eb n\u00eb m\u00ebnyr\u00eb t\u00eb hapur do t\u00eb flas p\u00ebr p\u00ebrkrahje n\u00ebse zgjidhja \u00ebsht\u00eb e drejt\u00eb p\u00ebr t\u00eb gjith\u00eb. N\u00ebse zgjidhja \u00ebsht\u00eb parciale, mendoj se nuk kemi \u00e7far\u00eb t\u00eb flasim\u201d \u2013 tha Fatmir Bytyqi, LSDM.<\/p>\n\n\n\n<p>Kujtojm\u00eb p\u00ebr shkak t\u00eb k\u00ebrkes\u00ebs p\u00ebr p\u00ebrfshirje t\u00eb ish ushtar\u00ebve t\u00eb U\u00c7K-s\u00eb n\u00eb ligjin e \u201cBranitellave\u201d dhe bllokimit t\u00eb ligjit t\u00eb \u201cBranitellave\u201d, VMRO, ZNAM dhe \u201cLevica\u201d p\u00ebrmes interpelanc\u00ebs shkarkuan nga pozita e kryetares s\u00eb komisionit parlamentar, deputeten Ilire Dauti.<\/p>\n\n\n\n<p>N\u00eb mb\u00ebshtetje t\u00eb Dautit dhe k\u00ebrkes\u00ebs p\u00ebr futjen e ish ushtar\u00ebve t\u00eb U\u00c7K-s\u00eb n\u00eb ligjin e lart\u00eb p\u00ebrmendur ka qen\u00eb edhe koalicioni VLEN. \/tvklan.mk\/<\/p>\n","protected":false},"excerpt":{"rendered":"<p>Nuk ka afat konkret, megjithat&euml;, para deputet&euml;ve n&euml; Kuvend, brenda k&euml;tij viti mund t&euml; jet&euml; edhe ligji p&euml;r ish ushtar&euml;t e Ushtris&euml; &Ccedil;lirimtare Komb&euml;tare dhe veteran&euml;t e saj. Nj&euml; gj&euml; t&euml; till&euml; e paralajm&euml;ron deputeti i koalicionit VLEN, Rijad Shaqiri, i cili p&euml;r Klan Maqedoni deklaron se jan&euml; dy verzione, nj&euml;ri i p&euml;rbashk&euml;t me &ldquo;Branitellat&rdquo; [&hellip;]<\/p>\n","protected":false},"author":2,"featured_media":40201,"comment_status":"open","ping_status":"closed","sticky":false,"template":"","format":"standard","meta":{"_monsterinsights_skip_tracking":false,"_monsterinsights_sitenote_active":false,"_monsterinsights_sitenote_note":"","_monsterinsights_sitenote_category":0,"footnotes":""},"categories":[1],"tags":[],"class_list":["post-40200","post","type-post","status-publish","format-standard","has-post-thumbnail","hentry","category-vendi"],"_links":{"self":[{"href":"https:\/\/radiojehona.mk\/index.php?rest_route=\/wp\/v2\/posts\/40200","targetHints":{"allow":["GET"]}}],"collection":[{"href":"https:\/\/radiojehona.mk\/index.php?rest_route=\/wp\/v2\/posts"}],"about":[{"href":"https:\/\/radiojehona.mk\/index.php?rest_route=\/wp\/v2\/types\/post"}],"author":[{"embeddable":true,"href":"https:\/\/radiojehona.mk\/index.php?rest_route=\/wp\/v2\/users\/2"}],"replies":[{"embeddable":true,"href":"https:\/\/radiojehona.mk\/index.php?rest_route=%2Fwp%2Fv2%2Fcomments&post=40200"}],"version-history":[{"count":2,"href":"https:\/\/radiojehona.mk\/index.php?rest_route=\/wp\/v2\/posts\/40200\/revisions"}],"predecessor-version":[{"id":40203,"href":"https:\/\/radiojehona.mk\/index.php?rest_route=\/wp\/v2\/posts\/40200\/revisions\/40203"}],"wp:featuredmedia":[{"embeddable":true,"href":"https:\/\/radiojehona.mk\/index.php?rest_route=\/wp\/v2\/media\/40201"}],"wp:attachment":[{"href":"https:\/\/radiojehona.mk\/index.php?rest_route=%2Fwp%2Fv2%2Fmedia&parent=40200"}],"wp:term":[{"taxonomy":"category","embeddable":true,"href":"https:\/\/radiojehona.mk\/index.php?rest_route=%2Fwp%2Fv2%2Fcategories&post=40200"},{"taxonomy":"post_tag","embeddable":true,"href":"https:\/\/radiojehona.mk\/index.php?rest_route=%2Fwp%2Fv2%2Ftags&post=40200"}],"curies":[{"name":"wp","href":"https:\/\/api.w.org\/{rel}","templated":true}]}}