{"id":40196,"date":"2025-01-18T12:11:30","date_gmt":"2025-01-18T12:11:30","guid":{"rendered":"https:\/\/radiojehona.com\/?p=40196"},"modified":"2025-01-18T12:11:30","modified_gmt":"2025-01-18T12:11:30","slug":"me-19-janar-regjim-i-vecante-i-komunikacionit-ne-shkup","status":"publish","type":"post","link":"https:\/\/radiojehona.mk\/?p=40196","title":{"rendered":"M\u00eb 19 janar, regjim i ve\u00e7ant\u00eb i komunikacionit n\u00eb Shkup"},"content":{"rendered":"\n<figure class=\"wp-block-image size-full\"><img fetchpriority=\"high\" decoding=\"async\" width=\"1024\" height=\"736\" src=\"https:\/\/radiojehona.com\/wp-content\/uploads\/2025\/01\/me-19-janar-regjim-i-vecante-i-komunikacionit-ne-shkup-1024x736-1.jpg\" alt=\"\" class=\"wp-image-40197\" srcset=\"https:\/\/radiojehona.mk\/wp-content\/uploads\/2025\/01\/me-19-janar-regjim-i-vecante-i-komunikacionit-ne-shkup-1024x736-1.jpg 1024w, https:\/\/radiojehona.mk\/wp-content\/uploads\/2025\/01\/me-19-janar-regjim-i-vecante-i-komunikacionit-ne-shkup-1024x736-1-300x216.jpg 300w, https:\/\/radiojehona.mk\/wp-content\/uploads\/2025\/01\/me-19-janar-regjim-i-vecante-i-komunikacionit-ne-shkup-1024x736-1-768x552.jpg 768w\" sizes=\"(max-width: 1024px) 100vw, 1024px\" \/><\/figure>\n\n\n\n<p>Sektori i Pun\u00ebve t\u00eb Brendshme n\u00eb Shkup ka njoftuar se t\u00eb diel\u00ebn, m\u00eb dat\u00eb 19 janar 2025 do t\u00eb ket\u00eb regjim t\u00eb ve\u00e7ant\u00eb t\u00eb komunikacionit n\u00eb Shkup p\u00ebr shkak t\u00eb fest\u00ebs fetare \u2013 Ujit t\u00eb Bekuar, ku hedhet kryqi n\u00eb lumin Vardar, transmeton TV21.<\/p>\n\n\n\n<p>Regjimi i ve\u00e7ant\u00eb i komunikacionit do t\u00eb zhvillohet n\u00eb komunat si Gjor\u00e7e Petrov, Kisella Vod\u00eb dhe Aerodrom.<\/p>\n\n\n\n<p>N\u00eb Shkup, e mbyllur p\u00ebr qarkullim do t\u00eb jet\u00eb rruga \u201cFilipi i Dyt\u00eb i Maqedonis\u00eb\u201d n\u00eb drejtim t\u00eb udh\u00ebkryqit me bulevardin \u201cGoce Dell\u00e7ev\u201d deri te udh\u00ebkryqi me rrug\u00ebn \u201c11 Tetori\u201d n\u00eb dy drejtimet.<\/p>\n\n\n\n<p>N\u00eb komun\u00ebn e Kisella Vod\u00ebs p\u00ebr qarkullim do t\u00eb mbyllen rrug\u00ebt \u201c14 Dhjetori\u201d dhe nj\u00eb pjes\u00eb e rrug\u00ebve \u201cHristo Tatar\u00e7ev\u201d dhe salla \u201cRasadnik\u201d.<\/p>\n","protected":false},"excerpt":{"rendered":"<p>Sektori i Pun&euml;ve t&euml; Brendshme n&euml; Shkup ka njoftuar se t&euml; diel&euml;n, m&euml; dat&euml; 19 janar 2025 do t&euml; ket&euml; regjim t&euml; ve&ccedil;ant&euml; t&euml; komunikacionit n&euml; Shkup p&euml;r shkak t&euml; fest&euml;s fetare &ndash; Ujit t&euml; Bekuar, ku hedhet kryqi n&euml; lumin Vardar, transmeton TV21. Regjimi i ve&ccedil;ant&euml; i komunikacionit do t&euml; zhvillohet n&euml; komunat si [&hellip;]<\/p>\n","protected":false},"author":2,"featured_media":40197,"comment_status":"open","ping_status":"closed","sticky":false,"template":"","format":"standard","meta":{"_monsterinsights_skip_tracking":false,"_monsterinsights_sitenote_active":false,"_monsterinsights_sitenote_note":"","_monsterinsights_sitenote_category":0,"footnotes":""},"categories":[1],"tags":[],"class_list":["post-40196","post","type-post","status-publish","format-standard","has-post-thumbnail","hentry","category-vendi"],"_links":{"self":[{"href":"https:\/\/radiojehona.mk\/index.php?rest_route=\/wp\/v2\/posts\/40196","targetHints":{"allow":["GET"]}}],"collection":[{"href":"https:\/\/radiojehona.mk\/index.php?rest_route=\/wp\/v2\/posts"}],"about":[{"href":"https:\/\/radiojehona.mk\/index.php?rest_route=\/wp\/v2\/types\/post"}],"author":[{"embeddable":true,"href":"https:\/\/radiojehona.mk\/index.php?rest_route=\/wp\/v2\/users\/2"}],"replies":[{"embeddable":true,"href":"https:\/\/radiojehona.mk\/index.php?rest_route=%2Fwp%2Fv2%2Fcomments&post=40196"}],"version-history":[{"count":2,"href":"https:\/\/radiojehona.mk\/index.php?rest_route=\/wp\/v2\/posts\/40196\/revisions"}],"predecessor-version":[{"id":40199,"href":"https:\/\/radiojehona.mk\/index.php?rest_route=\/wp\/v2\/posts\/40196\/revisions\/40199"}],"wp:featuredmedia":[{"embeddable":true,"href":"https:\/\/radiojehona.mk\/index.php?rest_route=\/wp\/v2\/media\/40197"}],"wp:attachment":[{"href":"https:\/\/radiojehona.mk\/index.php?rest_route=%2Fwp%2Fv2%2Fmedia&parent=40196"}],"wp:term":[{"taxonomy":"category","embeddable":true,"href":"https:\/\/radiojehona.mk\/index.php?rest_route=%2Fwp%2Fv2%2Fcategories&post=40196"},{"taxonomy":"post_tag","embeddable":true,"href":"https:\/\/radiojehona.mk\/index.php?rest_route=%2Fwp%2Fv2%2Ftags&post=40196"}],"curies":[{"name":"wp","href":"https:\/\/api.w.org\/{rel}","templated":true}]}}