{"id":40192,"date":"2025-01-18T12:09:54","date_gmt":"2025-01-18T12:09:54","guid":{"rendered":"https:\/\/radiojehona.com\/?p=40192"},"modified":"2025-01-18T12:09:54","modified_gmt":"2025-01-18T12:09:54","slug":"komunikacioni-ne-rruge-kryesisht-te-lageshta-mjegull-ne-prilep-makedonski-brod-dhe-pletvar","status":"publish","type":"post","link":"https:\/\/radiojehona.mk\/?p=40192","title":{"rendered":"Komunikacioni n\u00eb rrug\u00eb kryesisht t\u00eb lag\u00ebshta, mjegull n\u00eb Prilep, Makedonski Brod dhe Pletvar"},"content":{"rendered":"\n<figure class=\"wp-block-image size-full\"><img fetchpriority=\"high\" decoding=\"async\" width=\"800\" height=\"454\" src=\"https:\/\/radiojehona.com\/wp-content\/uploads\/2025\/01\/komunikacioni.jpg\" alt=\"\" class=\"wp-image-40193\" srcset=\"https:\/\/radiojehona.mk\/wp-content\/uploads\/2025\/01\/komunikacioni.jpg 800w, https:\/\/radiojehona.mk\/wp-content\/uploads\/2025\/01\/komunikacioni-300x170.jpg 300w, https:\/\/radiojehona.mk\/wp-content\/uploads\/2025\/01\/komunikacioni-768x436.jpg 768w\" sizes=\"(max-width: 800px) 100vw, 800px\" \/><\/figure>\n\n\n\n<p>Komunikacioni n\u00eb rrug\u00ebt shtet\u00ebrore po zhvillohet pa nd\u00ebrprerje, n\u00eb kushte dim\u00ebrore, n\u00ebp\u00ebr rrug\u00eb kryesisht t\u00eb lag\u00ebshta. Ulje t\u00eb dukshm\u00ebris\u00eb p\u00ebr shkak t\u00eb mjegull\u00ebs deri n\u00eb 50 metra ka n\u00eb Prilep, Makedonski Brod dhe n\u00eb Pletvar.<\/p>\n\n\n\n<p>Intensiteti i komunikacionit n\u00eb akset rrugore jasht\u00eb mjediseve urbane \u00ebsht\u00eb mesatar. N\u00eb vendkalimet kufitare nga ana e Maqedonis\u00eb nuk ka vonesa t\u00eb gjata p\u00ebr hyrje dhe dalje nga shteti.<\/p>\n\n\n\n<p>LAMM rekomandon shpejt\u00ebsi t\u00eb adaptuar t\u00eb l\u00ebvizjes, respektimin e sinjaleve t\u00eb vendosura t\u00eb komunikacionit e ve\u00e7an\u00ebrisht drejtim t\u00eb kujdessh\u00ebm t\u00eb automjetit, posa\u00e7\u00ebrisht n\u00eb rrug\u00ebt n\u00ebp\u00ebr gryka malore dhe lugina t\u00eb lumenjve ku ekziston mund\u00ebsia e rr\u00ebshqitjes s\u00eb dheut. Kjo vlen ve\u00e7an\u00ebrishtp\u00ebr akset rrugore Katllanov\u00eb \u2013 Veles, Mavrov\u00eb \u2013 Dib\u00ebr \u2013 Strug\u00eb, Vinic\u00eb \u2013 Berov\u00eb dhe Ko\u00e7an \u2013 Dell\u00e7ev\u00eb.<strong>&nbsp;<\/strong><\/p>\n","protected":false},"excerpt":{"rendered":"<p>Komunikacioni n&euml; rrug&euml;t shtet&euml;rore po zhvillohet pa nd&euml;rprerje, n&euml; kushte dim&euml;rore, n&euml;p&euml;r rrug&euml; kryesisht t&euml; lag&euml;shta. Ulje t&euml; dukshm&euml;ris&euml; p&euml;r shkak t&euml; mjegull&euml;s deri n&euml; 50 metra ka n&euml; Prilep, Makedonski Brod dhe n&euml; Pletvar. Intensiteti i komunikacionit n&euml; akset rrugore jasht&euml; mjediseve urbane &euml;sht&euml; mesatar. N&euml; vendkalimet kufitare nga ana e Maqedonis&euml; nuk ka [&hellip;]<\/p>\n","protected":false},"author":2,"featured_media":40193,"comment_status":"open","ping_status":"closed","sticky":false,"template":"","format":"standard","meta":{"_monsterinsights_skip_tracking":false,"_monsterinsights_sitenote_active":false,"_monsterinsights_sitenote_note":"","_monsterinsights_sitenote_category":0,"footnotes":""},"categories":[1],"tags":[],"class_list":["post-40192","post","type-post","status-publish","format-standard","has-post-thumbnail","hentry","category-vendi"],"_links":{"self":[{"href":"https:\/\/radiojehona.mk\/index.php?rest_route=\/wp\/v2\/posts\/40192","targetHints":{"allow":["GET"]}}],"collection":[{"href":"https:\/\/radiojehona.mk\/index.php?rest_route=\/wp\/v2\/posts"}],"about":[{"href":"https:\/\/radiojehona.mk\/index.php?rest_route=\/wp\/v2\/types\/post"}],"author":[{"embeddable":true,"href":"https:\/\/radiojehona.mk\/index.php?rest_route=\/wp\/v2\/users\/2"}],"replies":[{"embeddable":true,"href":"https:\/\/radiojehona.mk\/index.php?rest_route=%2Fwp%2Fv2%2Fcomments&post=40192"}],"version-history":[{"count":2,"href":"https:\/\/radiojehona.mk\/index.php?rest_route=\/wp\/v2\/posts\/40192\/revisions"}],"predecessor-version":[{"id":40195,"href":"https:\/\/radiojehona.mk\/index.php?rest_route=\/wp\/v2\/posts\/40192\/revisions\/40195"}],"wp:featuredmedia":[{"embeddable":true,"href":"https:\/\/radiojehona.mk\/index.php?rest_route=\/wp\/v2\/media\/40193"}],"wp:attachment":[{"href":"https:\/\/radiojehona.mk\/index.php?rest_route=%2Fwp%2Fv2%2Fmedia&parent=40192"}],"wp:term":[{"taxonomy":"category","embeddable":true,"href":"https:\/\/radiojehona.mk\/index.php?rest_route=%2Fwp%2Fv2%2Fcategories&post=40192"},{"taxonomy":"post_tag","embeddable":true,"href":"https:\/\/radiojehona.mk\/index.php?rest_route=%2Fwp%2Fv2%2Ftags&post=40192"}],"curies":[{"name":"wp","href":"https:\/\/api.w.org\/{rel}","templated":true}]}}