{"id":40189,"date":"2025-01-18T12:08:53","date_gmt":"2025-01-18T12:08:53","guid":{"rendered":"https:\/\/radiojehona.com\/?p=40189"},"modified":"2025-01-18T12:08:53","modified_gmt":"2025-01-18T12:08:53","slug":"temperatura-minus-ne-rmv-me-ftohte-ne-berove-dhe-me-shume-bore-ne-kodren-e-diellit","status":"publish","type":"post","link":"https:\/\/radiojehona.mk\/?p=40189","title":{"rendered":"Temperatura minus n\u00eb RMV, m\u00eb ftoht\u00eb n\u00eb Berov\u00eb dhe m\u00eb shum\u00eb bor\u00eb n\u00eb Kodr\u00ebn e Diellit"},"content":{"rendered":"\n<figure class=\"wp-block-image size-full\"><img fetchpriority=\"high\" decoding=\"async\" width=\"850\" height=\"478\" src=\"https:\/\/radiojehona.com\/wp-content\/uploads\/2025\/01\/bore-temperatura-moti-koha.jpg\" alt=\"\" class=\"wp-image-40190\" srcset=\"https:\/\/radiojehona.mk\/wp-content\/uploads\/2025\/01\/bore-temperatura-moti-koha.jpg 850w, https:\/\/radiojehona.mk\/wp-content\/uploads\/2025\/01\/bore-temperatura-moti-koha-300x169.jpg 300w, https:\/\/radiojehona.mk\/wp-content\/uploads\/2025\/01\/bore-temperatura-moti-koha-768x432.jpg 768w, https:\/\/radiojehona.mk\/wp-content\/uploads\/2025\/01\/bore-temperatura-moti-koha-800x450.jpg 800w\" sizes=\"(max-width: 850px) 100vw, 850px\" \/><\/figure>\n\n\n\n<p>Temperaturat n\u00ebn zero m\u00ebngjesin e sot\u00ebm ka n\u00eb mbar\u00eb Maqedonin\u00eb, por m\u00eb t\u00eb ftohta n\u00eb Berov\u00eb, ku jan\u00eb matur -12 grad\u00eb.<\/p>\n\n\n\n<p>-8 grad\u00eb n\u00eb Manastir, -7 n\u00eb Tetov\u00eb, -6 n\u00eb Kriva Pallank\u00eb, Mavrov\u00eb, Prilep, Demir Kapi, Strumic\u00eb, -5 n\u00eb Shtip, -4 n\u00eb Vinic\u00eb, Kavadar, -3 n\u00eb Shkup-Zaj\u00e7ev Rid, Dib\u00ebr, -2 n\u00eb Shkup-Petrovec, Kumanov\u00eb, Veles, Pretor, Krushev\u00eb, Kod\u00ebr t\u00eb Diellit dhe -1 n\u00eb Oh\u00ebr, Gjevgjeli.<\/p>\n\n\n\n<p>Lart\u00ebsia e mbules\u00ebs s\u00eb bor\u00ebs \u00ebsht\u00eb 53 cm n\u00eb Kodr\u00ebn e Diellit, 45 n\u00eb Mavrov\u00eb, 29 n\u00eb Krushev\u00eb, 20 n\u00eb Manastir, 18 n\u00eb Dib\u00ebr, 11 n\u00eb Tetov\u00eb, 8 n\u00eb Demir Kapi t\u00eb Berov\u00ebs, 7 n\u00eb Shtip dhe 3 n\u00eb Kriva Pallank\u00eb.<\/p>\n","protected":false},"excerpt":{"rendered":"<p>Temperaturat n&euml;n zero m&euml;ngjesin e sot&euml;m ka n&euml; mbar&euml; Maqedonin&euml;, por m&euml; t&euml; ftohta n&euml; Berov&euml;, ku jan&euml; matur -12 grad&euml;. -8 grad&euml; n&euml; Manastir, -7 n&euml; Tetov&euml;, -6 n&euml; Kriva Pallank&euml;, Mavrov&euml;, Prilep, Demir Kapi, Strumic&euml;, -5 n&euml; Shtip, -4 n&euml; Vinic&euml;, Kavadar, -3 n&euml; Shkup-Zaj&ccedil;ev Rid, Dib&euml;r, -2 n&euml; Shkup-Petrovec, Kumanov&euml;, Veles, Pretor, [&hellip;]<\/p>\n","protected":false},"author":2,"featured_media":40190,"comment_status":"open","ping_status":"closed","sticky":false,"template":"","format":"standard","meta":{"_monsterinsights_skip_tracking":false,"_monsterinsights_sitenote_active":false,"_monsterinsights_sitenote_note":"","_monsterinsights_sitenote_category":0,"footnotes":""},"categories":[1],"tags":[],"class_list":["post-40189","post","type-post","status-publish","format-standard","has-post-thumbnail","hentry","category-vendi"],"_links":{"self":[{"href":"https:\/\/radiojehona.mk\/index.php?rest_route=\/wp\/v2\/posts\/40189","targetHints":{"allow":["GET"]}}],"collection":[{"href":"https:\/\/radiojehona.mk\/index.php?rest_route=\/wp\/v2\/posts"}],"about":[{"href":"https:\/\/radiojehona.mk\/index.php?rest_route=\/wp\/v2\/types\/post"}],"author":[{"embeddable":true,"href":"https:\/\/radiojehona.mk\/index.php?rest_route=\/wp\/v2\/users\/2"}],"replies":[{"embeddable":true,"href":"https:\/\/radiojehona.mk\/index.php?rest_route=%2Fwp%2Fv2%2Fcomments&post=40189"}],"version-history":[{"count":1,"href":"https:\/\/radiojehona.mk\/index.php?rest_route=\/wp\/v2\/posts\/40189\/revisions"}],"predecessor-version":[{"id":40191,"href":"https:\/\/radiojehona.mk\/index.php?rest_route=\/wp\/v2\/posts\/40189\/revisions\/40191"}],"wp:featuredmedia":[{"embeddable":true,"href":"https:\/\/radiojehona.mk\/index.php?rest_route=\/wp\/v2\/media\/40190"}],"wp:attachment":[{"href":"https:\/\/radiojehona.mk\/index.php?rest_route=%2Fwp%2Fv2%2Fmedia&parent=40189"}],"wp:term":[{"taxonomy":"category","embeddable":true,"href":"https:\/\/radiojehona.mk\/index.php?rest_route=%2Fwp%2Fv2%2Fcategories&post=40189"},{"taxonomy":"post_tag","embeddable":true,"href":"https:\/\/radiojehona.mk\/index.php?rest_route=%2Fwp%2Fv2%2Ftags&post=40189"}],"curies":[{"name":"wp","href":"https:\/\/api.w.org\/{rel}","templated":true}]}}