{"id":40185,"date":"2025-01-16T10:57:30","date_gmt":"2025-01-16T10:57:30","guid":{"rendered":"https:\/\/radiojehona.com\/?p=40185"},"modified":"2025-01-16T10:57:30","modified_gmt":"2025-01-16T10:57:30","slug":"eurointegrimet-pjese-e-temave-te-qeveritareve-te-rmv-se-ne-takimet-ne-shba","status":"publish","type":"post","link":"https:\/\/radiojehona.mk\/?p=40185","title":{"rendered":"Eurointegrimet pjes\u00eb e temave t\u00eb qeveritar\u00ebve t\u00eb RMV-s\u00eb n\u00eb takimet n\u00eb SHBA"},"content":{"rendered":"\n<figure class=\"wp-block-image size-full\"><img fetchpriority=\"high\" decoding=\"async\" width=\"858\" height=\"480\" src=\"https:\/\/radiojehona.com\/wp-content\/uploads\/2025\/01\/Screenshot-2025-01-16-111643.png\" alt=\"\" class=\"wp-image-40186\" srcset=\"https:\/\/radiojehona.mk\/wp-content\/uploads\/2025\/01\/Screenshot-2025-01-16-111643.png 858w, https:\/\/radiojehona.mk\/wp-content\/uploads\/2025\/01\/Screenshot-2025-01-16-111643-300x168.png 300w, https:\/\/radiojehona.mk\/wp-content\/uploads\/2025\/01\/Screenshot-2025-01-16-111643-768x430.png 768w\" sizes=\"(max-width: 858px) 100vw, 858px\" \/><\/figure>\n\n\n\n<p>Qeveria e Maqedonis\u00eb s\u00eb Veriut mbetet n\u00eb q\u00ebndrimin e saj se ndryshimet kushtetuese me efekt t\u00eb vonuar jan\u00eb kompromisi m\u00eb i pranuesh\u00ebm p\u00ebr rrug\u00ebn evropiane t\u00eb vendit.<\/p>\n\n\n\n<p>Sipas autoriteteve, zgjedhja e nj\u00eb qeverie t\u00eb re politike n\u00eb Sofje do t\u00eb siguroj\u00eb bashk\u00ebbisedues legjitim p\u00ebr arritjen e nj\u00eb marr\u00ebveshjeje.<\/p>\n\n\n\n<p>P\u00ebrpara inaugurimit t\u00eb presidentit t\u00eb sapozgjedhur t\u00eb SHBA-s\u00eb, Donald Trump, Maqedonia e Veriut pret mb\u00ebshtetje nga SHBA-t\u00eb p\u00ebr integrimin e saj evropian dhe fokus t\u00eb shtuar n\u00eb rajon.<\/p>\n\n\n\n<p>Ministri Mucunski theksoi se an\u00ebtar\u00ebsimi n\u00eb BE mbetet synim strategjik dhe procesi i zgjerimit duhet t\u00eb jet\u00eb i besuesh\u00ebm dhe i bazuar n\u00eb merita.<\/p>\n\n\n\n<p>Bashkimi Evropian theksoi r\u00ebnd\u00ebsin\u00eb e reformave, ve\u00e7an\u00ebrisht n\u00eb drejt\u00ebsi dhe luft\u00ebn kund\u00ebr korrupsionit, si ky\u00e7e p\u00ebr p\u00ebrparimin e vendit.<\/p>\n","protected":false},"excerpt":{"rendered":"<p>Qeveria e Maqedonis&euml; s&euml; Veriut mbetet n&euml; q&euml;ndrimin e saj se ndryshimet kushtetuese me efekt t&euml; vonuar jan&euml; kompromisi m&euml; i pranuesh&euml;m p&euml;r rrug&euml;n evropiane t&euml; vendit. Sipas autoriteteve, zgjedhja e nj&euml; qeverie t&euml; re politike n&euml; Sofje do t&euml; siguroj&euml; bashk&euml;bisedues legjitim p&euml;r arritjen e nj&euml; marr&euml;veshjeje. P&euml;rpara inaugurimit t&euml; presidentit t&euml; sapozgjedhur t&euml; [&hellip;]<\/p>\n","protected":false},"author":2,"featured_media":40186,"comment_status":"open","ping_status":"closed","sticky":false,"template":"","format":"standard","meta":{"_monsterinsights_skip_tracking":false,"_monsterinsights_sitenote_active":false,"_monsterinsights_sitenote_note":"","_monsterinsights_sitenote_category":0,"footnotes":""},"categories":[1],"tags":[],"class_list":["post-40185","post","type-post","status-publish","format-standard","has-post-thumbnail","hentry","category-vendi"],"_links":{"self":[{"href":"https:\/\/radiojehona.mk\/index.php?rest_route=\/wp\/v2\/posts\/40185","targetHints":{"allow":["GET"]}}],"collection":[{"href":"https:\/\/radiojehona.mk\/index.php?rest_route=\/wp\/v2\/posts"}],"about":[{"href":"https:\/\/radiojehona.mk\/index.php?rest_route=\/wp\/v2\/types\/post"}],"author":[{"embeddable":true,"href":"https:\/\/radiojehona.mk\/index.php?rest_route=\/wp\/v2\/users\/2"}],"replies":[{"embeddable":true,"href":"https:\/\/radiojehona.mk\/index.php?rest_route=%2Fwp%2Fv2%2Fcomments&post=40185"}],"version-history":[{"count":2,"href":"https:\/\/radiojehona.mk\/index.php?rest_route=\/wp\/v2\/posts\/40185\/revisions"}],"predecessor-version":[{"id":40188,"href":"https:\/\/radiojehona.mk\/index.php?rest_route=\/wp\/v2\/posts\/40185\/revisions\/40188"}],"wp:featuredmedia":[{"embeddable":true,"href":"https:\/\/radiojehona.mk\/index.php?rest_route=\/wp\/v2\/media\/40186"}],"wp:attachment":[{"href":"https:\/\/radiojehona.mk\/index.php?rest_route=%2Fwp%2Fv2%2Fmedia&parent=40185"}],"wp:term":[{"taxonomy":"category","embeddable":true,"href":"https:\/\/radiojehona.mk\/index.php?rest_route=%2Fwp%2Fv2%2Fcategories&post=40185"},{"taxonomy":"post_tag","embeddable":true,"href":"https:\/\/radiojehona.mk\/index.php?rest_route=%2Fwp%2Fv2%2Ftags&post=40185"}],"curies":[{"name":"wp","href":"https:\/\/api.w.org\/{rel}","templated":true}]}}