{"id":40181,"date":"2025-01-16T10:56:34","date_gmt":"2025-01-16T10:56:34","guid":{"rendered":"https:\/\/radiojehona.com\/?p=40181"},"modified":"2025-01-16T10:56:34","modified_gmt":"2025-01-16T10:56:34","slug":"parafinancim-prej-525-milione-euro-kur-do-ti-marre-maqedonia-pagesat-e-para-nga-plani-i-rritjes-se-be-se","status":"publish","type":"post","link":"https:\/\/radiojehona.mk\/?p=40181","title":{"rendered":"Parafinancim prej 52,5 milion\u00eb euro: Kur do t\u2019i marr\u00eb Maqedonia pagesat e para nga plani i rritjes s\u00eb BE-s\u00eb?"},"content":{"rendered":"\n<figure class=\"wp-block-image size-full\"><img fetchpriority=\"high\" decoding=\"async\" width=\"780\" height=\"470\" src=\"https:\/\/radiojehona.com\/wp-content\/uploads\/2025\/01\/flamuj-eu-mk-780x470-1.jpg\" alt=\"\" class=\"wp-image-40182\" srcset=\"https:\/\/radiojehona.mk\/wp-content\/uploads\/2025\/01\/flamuj-eu-mk-780x470-1.jpg 780w, https:\/\/radiojehona.mk\/wp-content\/uploads\/2025\/01\/flamuj-eu-mk-780x470-1-300x181.jpg 300w, https:\/\/radiojehona.mk\/wp-content\/uploads\/2025\/01\/flamuj-eu-mk-780x470-1-768x463.jpg 768w\" sizes=\"(max-width: 780px) 100vw, 780px\" \/><\/figure>\n\n\n\n<h3 class=\"wp-block-heading\">Komisioni Evropian \u00ebsht\u00eb duke finalizuar procesin p\u00ebr pages\u00ebn e parafinancimit p\u00ebr Maqedonin\u00eb e Veriut<\/h3>\n\n\n\n<p>Jan\u00eb duke u nd\u00ebrmarr\u00eb hapat e fundit p\u00ebr pages\u00ebn e mjeteve parafinancuese p\u00ebr Maqedonin\u00eb e Veriut n\u00eb kuad\u00ebr t\u00eb Planit t\u00eb Rritjes p\u00ebr Ballkanin Per\u00ebndimor, ka konfirmuar z\u00ebdh\u00ebn\u00ebsi i Komisionit Evropian p\u00ebr MPB-n\u00eb.\u201cSh\u00ebrbimet e Komisionit kan\u00eb pranuar k\u00ebrkes\u00ebn p\u00ebr parafinancim t\u00eb dor\u00ebzuar nga Maqedonia e Veriut dhe aktualisht jan\u00eb duke p\u00ebrfunduar hapat procedural n\u00eb m\u00ebnyr\u00eb q\u00eb mjetet t\u00eb lirohen sa m\u00eb shpejt n\u00eb vitin 2025\u201d, tha z\u00ebdh\u00ebn\u00ebsi.<\/p>\n\n\n\n<h3 class=\"wp-block-heading\">Vler\u00ebsimi dhe miratimi i Axhend\u00ebs s\u00eb Reform\u00ebs<\/h3>\n\n\n\n<p>Z\u00ebdh\u00ebn\u00ebsi kujtoi se Axhenda e Reform\u00ebs, e cila p\u00ebrfshin reforma n\u00eb fushat e t\u00eb drejtave themelore dhe zhvillimit socio-ekonomik, \u00ebsht\u00eb dor\u00ebzuar n\u00eb korrik 2024. Komisioni Evropian e vler\u00ebsoi at\u00eb si n\u00eb p\u00ebrputhje me objektivat e Instrumentit p\u00ebr Reforma dhe Rritje p\u00ebr Ballkanin Per\u00ebndimor.<\/p>\n\n\n\n<p>\u201cRendi i dit\u00ebs \u00ebsht\u00eb miratuar m\u00eb 23 tetor 2024 p\u00ebrmes Vendimit Zbatues t\u00eb Komisionit, pas marrjes s\u00eb opinionit pozitiv nga shtetet an\u00ebtare n\u00eb kuad\u00ebr t\u00eb Komitetit IPA III. T\u00eb pes\u00eb p\u00ebrfituesit me agjenda t\u00eb miratuara t\u00eb reformave, p\u00ebrfshir\u00eb Maqedonin\u00eb e Veriut, k\u00ebrkuan deri n\u00eb shtat\u00eb p\u00ebr qind t\u00eb fondeve n\u00eb form\u00eb t\u00eb parafinancimit\u201d, shtoi z\u00ebdh\u00ebn\u00ebsi.<\/p>\n\n\n\n<h3 class=\"wp-block-heading\">P\u00ebrfitimet e Planit t\u00eb Rritjes<\/h3>\n\n\n\n<p>Plani p\u00ebr rritjen e Ballkanit Per\u00ebndimor parashikon investime n\u00eb vler\u00eb prej gjasht\u00eb miliard\u00eb eurosh, duke kombinuar grante dhe kredi n\u00eb kushte t\u00eb favorshme. Synimi \u00ebsht\u00eb dyfishimi i rritjes ekonomike t\u00eb rajonit deri n\u00eb vitin 2027 dhe integrimi m\u00eb i shpejt\u00eb n\u00eb tregun e vet\u00ebm evropian.<\/p>\n\n\n\n<p>\u201cParimi i Planit \u00ebsht\u00eb kombinimi i investimeve me reformat, t\u00eb cilat do t\u2019u mund\u00ebsojn\u00eb qytetar\u00ebve t\u00eb Ballkanit Per\u00ebndimor t\u00eb ndjejn\u00eb p\u00ebrfitimet e integrimit n\u00eb BE edhe para an\u00ebtar\u00ebsimit formal\u201d, tha z\u00ebdh\u00ebn\u00ebsi i Komisionit Evropian.<\/p>\n\n\n\n<h3 class=\"wp-block-heading\">Lidershipi i Maqedonis\u00eb s\u00eb Veriut<\/h3>\n\n\n\n<p>M\u00eb 13 n\u00ebntor 2024, ministri i \u00c7\u00ebshtjeve Evropiane, Orhan Murtezani, ka n\u00ebnshkruar k\u00ebrkes\u00ebn p\u00ebr parafinancim n\u00eb vler\u00eb prej 52.5 milion\u00eb euro. Me k\u00ebt\u00eb Maqedonia e Veriut u b\u00eb vendi i par\u00eb nga Ballkani Per\u00ebndimor q\u00eb i plot\u00ebsoi t\u00eb gjitha kushtet p\u00ebr pages\u00ebn e mjeteve t\u00eb para nga Instrumenti p\u00ebr Reforma dhe Rritje.<\/p>\n\n\n\n<p>\u201cKy plan \u00ebsht\u00eb nj\u00eb hap i r\u00ebnd\u00ebsish\u00ebm drejt integrimit ekonomik t\u00eb rajonit me Bashkimin Evropian, duke mund\u00ebsuar nj\u00eb rritje ekonomike m\u00eb t\u00eb fort\u00eb dhe m\u00eb t\u00eb q\u00ebndrueshme n\u00eb dhjet\u00eb vitet e ardhshme\u201d, tha z\u00ebdh\u00ebn\u00ebsi.<\/p>\n","protected":false},"excerpt":{"rendered":"<p>Komisioni Evropian &euml;sht&euml; duke finalizuar procesin p&euml;r pages&euml;n e parafinancimit p&euml;r Maqedonin&euml; e Veriut Jan&euml; duke u nd&euml;rmarr&euml; hapat e fundit p&euml;r pages&euml;n e mjeteve parafinancuese p&euml;r Maqedonin&euml; e Veriut n&euml; kuad&euml;r t&euml; Planit t&euml; Rritjes p&euml;r Ballkanin Per&euml;ndimor, ka konfirmuar z&euml;dh&euml;n&euml;si i Komisionit Evropian p&euml;r MPB-n&euml;.&ldquo;Sh&euml;rbimet e Komisionit kan&euml; pranuar k&euml;rkes&euml;n p&euml;r parafinancim t&euml; [&hellip;]<\/p>\n","protected":false},"author":2,"featured_media":40182,"comment_status":"open","ping_status":"closed","sticky":false,"template":"","format":"standard","meta":{"_monsterinsights_skip_tracking":false,"_monsterinsights_sitenote_active":false,"_monsterinsights_sitenote_note":"","_monsterinsights_sitenote_category":0,"footnotes":""},"categories":[1],"tags":[],"class_list":["post-40181","post","type-post","status-publish","format-standard","has-post-thumbnail","hentry","category-vendi"],"_links":{"self":[{"href":"https:\/\/radiojehona.mk\/index.php?rest_route=\/wp\/v2\/posts\/40181","targetHints":{"allow":["GET"]}}],"collection":[{"href":"https:\/\/radiojehona.mk\/index.php?rest_route=\/wp\/v2\/posts"}],"about":[{"href":"https:\/\/radiojehona.mk\/index.php?rest_route=\/wp\/v2\/types\/post"}],"author":[{"embeddable":true,"href":"https:\/\/radiojehona.mk\/index.php?rest_route=\/wp\/v2\/users\/2"}],"replies":[{"embeddable":true,"href":"https:\/\/radiojehona.mk\/index.php?rest_route=%2Fwp%2Fv2%2Fcomments&post=40181"}],"version-history":[{"count":2,"href":"https:\/\/radiojehona.mk\/index.php?rest_route=\/wp\/v2\/posts\/40181\/revisions"}],"predecessor-version":[{"id":40184,"href":"https:\/\/radiojehona.mk\/index.php?rest_route=\/wp\/v2\/posts\/40181\/revisions\/40184"}],"wp:featuredmedia":[{"embeddable":true,"href":"https:\/\/radiojehona.mk\/index.php?rest_route=\/wp\/v2\/media\/40182"}],"wp:attachment":[{"href":"https:\/\/radiojehona.mk\/index.php?rest_route=%2Fwp%2Fv2%2Fmedia&parent=40181"}],"wp:term":[{"taxonomy":"category","embeddable":true,"href":"https:\/\/radiojehona.mk\/index.php?rest_route=%2Fwp%2Fv2%2Fcategories&post=40181"},{"taxonomy":"post_tag","embeddable":true,"href":"https:\/\/radiojehona.mk\/index.php?rest_route=%2Fwp%2Fv2%2Ftags&post=40181"}],"curies":[{"name":"wp","href":"https:\/\/api.w.org\/{rel}","templated":true}]}}