{"id":40178,"date":"2025-01-16T10:55:00","date_gmt":"2025-01-16T10:55:00","guid":{"rendered":"https:\/\/radiojehona.com\/?p=40178"},"modified":"2025-01-16T10:55:00","modified_gmt":"2025-01-16T10:55:00","slug":"moti-sot-ne-maqedonine-e-veriut-4","status":"publish","type":"post","link":"https:\/\/radiojehona.mk\/?p=40178","title":{"rendered":"Moti sot n\u00eb Maqedonin\u00eb e Veriut"},"content":{"rendered":"\n<figure class=\"wp-block-image size-large\"><img fetchpriority=\"high\" decoding=\"async\" width=\"1024\" height=\"583\" src=\"https:\/\/radiojehona.com\/wp-content\/uploads\/2025\/01\/IMG_0280-1024x583.jpeg\" alt=\"\" class=\"wp-image-39716\" srcset=\"https:\/\/radiojehona.mk\/wp-content\/uploads\/2025\/01\/IMG_0280-1024x583.jpeg 1024w, https:\/\/radiojehona.mk\/wp-content\/uploads\/2025\/01\/IMG_0280-300x171.jpeg 300w, https:\/\/radiojehona.mk\/wp-content\/uploads\/2025\/01\/IMG_0280-768x437.jpeg 768w, https:\/\/radiojehona.mk\/wp-content\/uploads\/2025\/01\/IMG_0280.jpeg 1125w\" sizes=\"(max-width: 1024px) 100vw, 1024px\" \/><\/figure>\n\n\n\n<p>Moti sot n\u00eb m\u00ebngjes i ftoht\u00eb dhe me mjegull n\u00ebp\u00ebr disa lugina t\u00eb caktuara. Gjat\u00eb dit\u00ebs me vran\u00ebsira t\u00eb ndryshueshme dhe vende vende me reshje t\u00eb dob\u00ebta d\u00ebbore.<\/p>\n\n\n\n<p>Temperatura minimale do t\u00eb jet\u00eb n\u00eb interval prej -6 deri n\u00eb 1, nd\u00ebrsa ajo maksimale do t\u00eb arrij prej -1 deri n\u00eb 7 grad\u00eb.<\/p>\n\n\n\n<p>N\u00eb Shkup do t\u00eb mbaj mot i ngjash\u00ebm, n\u00eb m\u00ebngjes i ftoht\u00eb dhe me paraqitje t\u00eb mjegull\u00ebs, nd\u00ebrsa gjat\u00eb dit\u00ebs me vran\u00ebsira dhe i qet\u00eb. Temperatura minimale do t\u00eb ulet n\u00eb -3, nd\u00ebrsa ajo maksimale do t\u00eb arrij n\u00eb 4 grad\u00eb Celsius\u00eb.<\/p>\n","protected":false},"excerpt":{"rendered":"<p>Moti sot n&euml; m&euml;ngjes i ftoht&euml; dhe me mjegull n&euml;p&euml;r disa lugina t&euml; caktuara. Gjat&euml; dit&euml;s me vran&euml;sira t&euml; ndryshueshme dhe vende vende me reshje t&euml; dob&euml;ta d&euml;bore. Temperatura minimale do t&euml; jet&euml; n&euml; interval prej -6 deri n&euml; 1, nd&euml;rsa ajo maksimale do t&euml; arrij prej -1 deri n&euml; 7 grad&euml;. N&euml; Shkup do [&hellip;]<\/p>\n","protected":false},"author":2,"featured_media":39716,"comment_status":"open","ping_status":"closed","sticky":false,"template":"","format":"standard","meta":{"_monsterinsights_skip_tracking":false,"_monsterinsights_sitenote_active":false,"_monsterinsights_sitenote_note":"","_monsterinsights_sitenote_category":0,"footnotes":""},"categories":[1],"tags":[],"class_list":["post-40178","post","type-post","status-publish","format-standard","has-post-thumbnail","hentry","category-vendi"],"_links":{"self":[{"href":"https:\/\/radiojehona.mk\/index.php?rest_route=\/wp\/v2\/posts\/40178","targetHints":{"allow":["GET"]}}],"collection":[{"href":"https:\/\/radiojehona.mk\/index.php?rest_route=\/wp\/v2\/posts"}],"about":[{"href":"https:\/\/radiojehona.mk\/index.php?rest_route=\/wp\/v2\/types\/post"}],"author":[{"embeddable":true,"href":"https:\/\/radiojehona.mk\/index.php?rest_route=\/wp\/v2\/users\/2"}],"replies":[{"embeddable":true,"href":"https:\/\/radiojehona.mk\/index.php?rest_route=%2Fwp%2Fv2%2Fcomments&post=40178"}],"version-history":[{"count":2,"href":"https:\/\/radiojehona.mk\/index.php?rest_route=\/wp\/v2\/posts\/40178\/revisions"}],"predecessor-version":[{"id":40180,"href":"https:\/\/radiojehona.mk\/index.php?rest_route=\/wp\/v2\/posts\/40178\/revisions\/40180"}],"wp:featuredmedia":[{"embeddable":true,"href":"https:\/\/radiojehona.mk\/index.php?rest_route=\/wp\/v2\/media\/39716"}],"wp:attachment":[{"href":"https:\/\/radiojehona.mk\/index.php?rest_route=%2Fwp%2Fv2%2Fmedia&parent=40178"}],"wp:term":[{"taxonomy":"category","embeddable":true,"href":"https:\/\/radiojehona.mk\/index.php?rest_route=%2Fwp%2Fv2%2Fcategories&post=40178"},{"taxonomy":"post_tag","embeddable":true,"href":"https:\/\/radiojehona.mk\/index.php?rest_route=%2Fwp%2Fv2%2Ftags&post=40178"}],"curies":[{"name":"wp","href":"https:\/\/api.w.org\/{rel}","templated":true}]}}